{"id":88616,"date":"2026-01-19T12:31:49","date_gmt":"2026-01-19T19:31:49","guid":{"rendered":"https:\/\/notiissa.mx\/?p=88616"},"modified":"2026-01-19T12:31:49","modified_gmt":"2026-01-19T19:31:49","slug":"fallece-valentino-el-iconico-disenador-italiano","status":"publish","type":"post","link":"https:\/\/notiissa.mx\/?p=88616","title":{"rendered":"Fallece Valentino, el ic\u00f3nico dise\u00f1ador italiano"},"content":{"rendered":"<p>Valentino Clemente Ludovico Garavani naci\u00f3 el 11 de mayo de 1932 en la localidad italiana de Voghera, en Lombard\u00eda.<\/p>\n<p>El ic\u00f3nico dise\u00f1ador italiano Valentino Garavani falleci\u00f3 este lunes a los 93 a\u00f1os de edad, inform\u00f3 la revista de modas Elle. El modista <strong>se hab\u00eda retirado de las pasarelas desde 2008<\/strong>. Sin embargo, el mundo de la moda considera que este sastre ha dejado \u00abun inmenso legado dif\u00edcil de igual e imposible de superar\u00bb.<\/p>\n<p>Valentino Clemente Ludovico Garavani naci\u00f3 el 11 de mayo de 1932 en la localidad italiana de Voghera, en Lombard\u00eda. Seg\u00fan Elle, el costurero \u00ab<strong>siempre sinti\u00f3 una enorme pasi\u00f3n por la moda<\/strong>\u00bb e incluso desde ni\u00f1o ayudaba a su t\u00eda modista.<\/p>\n<p>\u00abCon 17 a\u00f1os se traslad\u00f3 a Par\u00eds para estudiar en la prestigiosa \u00c9cole des Beaux-Arts y en la Chambre Syndicale de la Couture Parisienne. All\u00ed s<strong>e convirti\u00f3 en aprendiz de Crist\u00f3bal Balenciaga<\/strong>, Jean D\u00e8sses y Guy Laroche, y en 1959 regres\u00f3 a Roma para, ayudado por sus padres, abrir su propio estudio en la Via Condotti\u00bb, a\u00f1ade la mencionada revista.<\/p>\n<p>Valentino mantuvo una relaci\u00f3n sentimental desde 1960 con Giancarlo Giammetti, quien adem\u00e1s se convirti\u00f3 en su socio. Juntos <strong>fundaron la Maison Valentino<\/strong> y desde entonces se hizo \u00edntimo de personalidades reconocidas como Jackie Kennedy, a quien visti\u00f3 en numerosas ocasiones a lo largo de su vida, as\u00ed como en su boda con Arist\u00f3teles Onassis.<\/p>\n<p>Igualmente mantuvo una amistad \u00abmuy estrecha\u00bb con celebridades de distinta \u00edndole como Elizabeth Taylor, Audrey Hepburn, la princesa Diana de Gales, Naty Abascal y Gwyneth Paltrow.<\/p>\n<p>Valentino influenci\u00f3 el mundo de la moda con \u00abfabulosos dise\u00f1os\u00bb y con los \u00ablooks m\u00e1s glamurosos y sofisticados de las alfombras rojas globales\u00bb, resalta Elle. Adem\u00e1s,<strong> su legado en Hollywood ha quedado estampado<\/strong> con su &#8216;rojo Valentino&#8217;, que es considerado como sin\u00f3nimo de \u00e9xito.<\/p>\n<p><strong>Su primera colecci\u00f3n de Alta Costura fue presentada en 1962<\/strong> en el Palacio Pitti de Florencia.\u00a0Tras su retiro, la direcci\u00f3n creativa de su empresa ha sido tomada por Alessandra Facchinetti, luego por Maria Grazia Chiuri y Pierpalo Piccioli. Actualmente la firma de Valentino est\u00e1 en manos de Alessandro Michele, desde abril del 2024.<\/p>\n<h3>Reconocimientos<\/h3>\n<p>En 2008 fue presentado el documental &#8216;<strong>Valentino: The Last Emperor&#8217;<\/strong>, que dirigi\u00f3 Matt Tyrnauer y que mostr\u00f3 una visi\u00f3n \u00edntima del modista, que captur\u00f3 parte de su genio creativo.<\/p>\n<p>Adem\u00e1s, el modista tambi\u00e9n <strong>recibi\u00f3 importantes reconocimientos<\/strong>. En 2023 fue honrado con un premio a la trayectoria destacada en los Premios de la Moda Brit\u00e1nica de Londres.<\/p>\n<p>Otros galardones fueron la <strong>Legi\u00f3n de Honor francesa (2006)<\/strong>, el Premio al M\u00e9rito del Consejo de Dise\u00f1adores de Moda de Am\u00e9rica (CFDA) por su Trayectoria Profesional (2000) o la Medalla de Oro al m\u00e9rito cultural que le otorg\u00f3 la ciudad de Roma (2006).<\/p>\n<p><strong>RT.<\/strong><\/p>\n<p>&nbsp;<\/p>\n<p>&nbsp;<\/p>\n","protected":false},"excerpt":{"rendered":"<p>Valentino Clemente Ludovico Garavani naci\u00f3 el 11 de mayo de 1932 en la localidad italiana de Voghera, en Lombard\u00eda. El ic\u00f3nico dise\u00f1ador italiano Valentino Garavani falleci\u00f3 este lunes a los 93 a\u00f1os de edad, inform\u00f3 la revista de modas Elle. El modista se hab\u00eda retirado de las pasarelas desde 2008. Sin embargo, el mundo de [&hellip;]<\/p>\n","protected":false},"author":1,"featured_media":88619,"comment_status":"closed","ping_status":"open","sticky":false,"template":"","format":"standard","meta":{"rop_custom_images_group":[],"rop_custom_messages_group":[],"rop_publish_now":"initial","rop_publish_now_accounts":[],"rop_publish_now_history":[],"rop_publish_now_status":"pending","footnotes":""},"categories":[67,70,72,66,77],"tags":[23],"class_list":["post-88616","post","type-post","status-publish","format-standard","has-post-thumbnail","hentry","category-ciudad","category-espectaculos","category-estado","category-estilo-de-vida","category-ni-lectoris","tag-destacado"],"_links":{"self":[{"href":"https:\/\/notiissa.mx\/index.php?rest_route=\/wp\/v2\/posts\/88616","targetHints":{"allow":["GET"]}}],"collection":[{"href":"https:\/\/notiissa.mx\/index.php?rest_route=\/wp\/v2\/posts"}],"about":[{"href":"https:\/\/notiissa.mx\/index.php?rest_route=\/wp\/v2\/types\/post"}],"author":[{"embeddable":true,"href":"https:\/\/notiissa.mx\/index.php?rest_route=\/wp\/v2\/users\/1"}],"replies":[{"embeddable":true,"href":"https:\/\/notiissa.mx\/index.php?rest_route=%2Fwp%2Fv2%2Fcomments&post=88616"}],"version-history":[{"count":1,"href":"https:\/\/notiissa.mx\/index.php?rest_route=\/wp\/v2\/posts\/88616\/revisions"}],"predecessor-version":[{"id":88620,"href":"https:\/\/notiissa.mx\/index.php?rest_route=\/wp\/v2\/posts\/88616\/revisions\/88620"}],"wp:featuredmedia":[{"embeddable":true,"href":"https:\/\/notiissa.mx\/index.php?rest_route=\/wp\/v2\/media\/88619"}],"wp:attachment":[{"href":"https:\/\/notiissa.mx\/index.php?rest_route=%2Fwp%2Fv2%2Fmedia&parent=88616"}],"wp:term":[{"taxonomy":"category","embeddable":true,"href":"https:\/\/notiissa.mx\/index.php?rest_route=%2Fwp%2Fv2%2Fcategories&post=88616"},{"taxonomy":"post_tag","embeddable":true,"href":"https:\/\/notiissa.mx\/index.php?rest_route=%2Fwp%2Fv2%2Ftags&post=88616"}],"curies":[{"name":"wp","href":"https:\/\/api.w.org\/{rel}","templated":true}]}}