{"id":88579,"date":"2026-01-18T12:38:41","date_gmt":"2026-01-18T19:38:41","guid":{"rendered":"https:\/\/notiissa.mx\/?p=88579"},"modified":"2026-01-18T12:38:41","modified_gmt":"2026-01-18T19:38:41","slug":"meloni-imponer-nuevos-aranceles-por-groenlandia-es-un-error","status":"publish","type":"post","link":"https:\/\/notiissa.mx\/?p=88579","title":{"rendered":"Meloni: Imponer nuevos aranceles por Groenlandia \u00abes un error\u00bb"},"content":{"rendered":"<p>La jefa del Gobierno italiano afirm\u00f3 que hab\u00eda hablado con Trump hac\u00eda unas horas, manifest\u00e1ndole su opini\u00f3n.<\/p>\n<p>La primera ministra italiana, Giorgia Meloni, calific\u00f3 el domingo de \u00aberror\u00bb la amenaza del presidente estadounidense, Donald Trump, de imponer aranceles a quienes se oponen a su plan de tomar\u00a0Groenlandia.<\/p>\n<p>\u00abLa previsi\u00f3n de un aumento de aranceles contra las naciones que han optado por contribuir a la seguridad de Groenlandia <strong>es, en mi opini\u00f3n, un error,<\/strong> y obviamente no estoy de acuerdo\u00bb, declar\u00f3 la primera ministra a la prensa\u00a0en Se\u00fal. La jefa del Gobierno italiano afirm\u00f3 que hab\u00eda\u00a0conversado\u00a0con Trump hac\u00eda unas horas, manifest\u00e1ndole\u00a0su parecer.<\/p>\n<p>\u00abHabl\u00e9 con Donald Trump hace unas horas, a quien le expres\u00e9 mis ideas, y escuch\u00e9 al secretario general de la OTAN [Mark Rutte], quien confirm\u00f3 que la OTAN est\u00e1 empezando a trabajar en este punto\u00bb, dijo.<\/p>\n<ul>\n<li>El presidente estadounidense, Donald Trump, se ha empe\u00f1ado en conseguir\u00a0<strong>\u00abde una u otra forma\u00bb<\/strong> que Groenlandia llegue a formar parte de EE.UU., argumentando que barcos de numerosas naciones navegan cerca de la costa norte estadounidense, por lo que Washington debe \u00abtener cuidado\u00bb. La Administraci\u00f3n Trump ha dejado claro que no descarta\u00a0la v\u00eda militar para apoderarse del territorio\u00a0dan\u00e9s.<\/li>\n<li>Mientras tanto, varios pa\u00edses europeos han decidido movilizar personal militar en Groenlandia para realizar maniobras en el marco de la operaci\u00f3n Resistencia \u00c1rtica. Francia ha enviado 15 soldados, Alemania 13, Suecia tres, Noruega, Finlandia y Eslovenia desplegaron dos soldados, mientras que el Reino Unido, B\u00e9lgica, los Pa\u00edses Bajos\u00a0solo uno.<\/li>\n<\/ul>\n<ul>\n<li>En respuesta a este paso, Trump anunci\u00f3\u00a0el s\u00e1bado la pr\u00f3xima imposici\u00f3n de un\u00a0<strong>arancel del 10 %<\/strong>\u00a0sobre todos los productos para una serie de pa\u00edses europeos.<\/li>\n<\/ul>\n<ul>\n<li>La medida caus\u00f3 fuerte condena y preocupaci\u00f3n entre pa\u00edses europeos. La presidenta de la Comisi\u00f3n Europea, Ursula von der Leyen, denunci\u00f3 que \u00ablos aranceles socavar\u00edan las relaciones transatl\u00e1nticas y correr\u00edan el riesgo de ir a\u00a0<strong>una peligrosa espiral descendente<\/strong>\u00ab.<\/li>\n<li>El primer ministro de Suecia, Ulf Kristersson, manifiest\u00f3 su solidaridad con Dinamarca y Groenlandia y subray\u00f3: \u00abNo nos dejaremos chantajear\u00bb. El presidente de Francia, Emmanuel Macron, tambi\u00e9n prometi\u00f3 una respuesta de Europa.\u00a0\u00abNinguna intimidaci\u00f3n ni amenaza podr\u00e1 influirnos\u00bb, dijo.<\/li>\n<\/ul>\n<p><strong>RT.<\/strong><\/p>\n<p>&nbsp;<\/p>\n","protected":false},"excerpt":{"rendered":"<p>La jefa del Gobierno italiano afirm\u00f3 que hab\u00eda hablado con Trump hac\u00eda unas horas, manifest\u00e1ndole su opini\u00f3n. La primera ministra italiana, Giorgia Meloni, calific\u00f3 el domingo de \u00aberror\u00bb la amenaza del presidente estadounidense, Donald Trump, de imponer aranceles a quienes se oponen a su plan de tomar\u00a0Groenlandia. \u00abLa previsi\u00f3n de un aumento de aranceles contra [&hellip;]<\/p>\n","protected":false},"author":1,"featured_media":88580,"comment_status":"closed","ping_status":"open","sticky":false,"template":"","format":"standard","meta":{"rop_custom_images_group":[],"rop_custom_messages_group":[],"rop_publish_now":"initial","rop_publish_now_accounts":[],"rop_publish_now_history":[],"rop_publish_now_status":"pending","footnotes":""},"categories":[67,72,60],"tags":[],"class_list":["post-88579","post","type-post","status-publish","format-standard","has-post-thumbnail","hentry","category-ciudad","category-estado","category-sonnoticia"],"_links":{"self":[{"href":"https:\/\/notiissa.mx\/index.php?rest_route=\/wp\/v2\/posts\/88579","targetHints":{"allow":["GET"]}}],"collection":[{"href":"https:\/\/notiissa.mx\/index.php?rest_route=\/wp\/v2\/posts"}],"about":[{"href":"https:\/\/notiissa.mx\/index.php?rest_route=\/wp\/v2\/types\/post"}],"author":[{"embeddable":true,"href":"https:\/\/notiissa.mx\/index.php?rest_route=\/wp\/v2\/users\/1"}],"replies":[{"embeddable":true,"href":"https:\/\/notiissa.mx\/index.php?rest_route=%2Fwp%2Fv2%2Fcomments&post=88579"}],"version-history":[{"count":1,"href":"https:\/\/notiissa.mx\/index.php?rest_route=\/wp\/v2\/posts\/88579\/revisions"}],"predecessor-version":[{"id":88581,"href":"https:\/\/notiissa.mx\/index.php?rest_route=\/wp\/v2\/posts\/88579\/revisions\/88581"}],"wp:featuredmedia":[{"embeddable":true,"href":"https:\/\/notiissa.mx\/index.php?rest_route=\/wp\/v2\/media\/88580"}],"wp:attachment":[{"href":"https:\/\/notiissa.mx\/index.php?rest_route=%2Fwp%2Fv2%2Fmedia&parent=88579"}],"wp:term":[{"taxonomy":"category","embeddable":true,"href":"https:\/\/notiissa.mx\/index.php?rest_route=%2Fwp%2Fv2%2Fcategories&post=88579"},{"taxonomy":"post_tag","embeddable":true,"href":"https:\/\/notiissa.mx\/index.php?rest_route=%2Fwp%2Fv2%2Ftags&post=88579"}],"curies":[{"name":"wp","href":"https:\/\/api.w.org\/{rel}","templated":true}]}}