{"id":88521,"date":"2026-01-16T09:31:41","date_gmt":"2026-01-16T16:31:41","guid":{"rendered":"https:\/\/notiissa.mx\/?p=88521"},"modified":"2026-01-16T09:31:41","modified_gmt":"2026-01-16T16:31:41","slug":"aprueba-jucopo-lista-de-aspirantes-a-ocupar-titularidad-de-cedh","status":"publish","type":"post","link":"https:\/\/notiissa.mx\/?p=88521","title":{"rendered":"Aprueba JUCOPO lista de aspirantes a ocupar titularidad de CEDH"},"content":{"rendered":"<p><strong>-La o el titular electo, estar\u00e1 al frente de la CEDH durante 5 a\u00f1os.<\/strong><\/p>\n<hr \/>\n<p><strong>Ciudad de Chihuahua.-<\/strong> Integrantes de la Junta de Coordinaci\u00f3n Pol\u00edtica (JUCOPO) del Congreso local, aprobaron por unanimidad el listado de las personas aspirantes a ocupar la titularidad de la Comisi\u00f3n Estatal de los Derechos Humanos (CEDH) que cumplen con los requisitos legales establecidos en la Convocatoria correspondiente.<\/p>\n<p>En este sentido, tambi\u00e9n se aprob\u00f3 el listado de las personas aspirantes que no cumplen con los requisitos y se estableci\u00f3 el formato para el desahogo de las entrevistas conforme a lo previamente establecido, as\u00ed como la notificaci\u00f3n de cada uno de estos acuerdos a las personas involucradas en el dicho proceso.<\/p>\n<p>LISTADO DE PERSONAS ASPIRANTES QUE S\u00cd CUMPLEN CON REQUISITOS:<br \/>\n1. Rafael S\u00e1nchez Mart\u00ednez<br \/>\n2. Laura Garza Jaidar<br \/>\n3. Lilia Lizeth Dur\u00e1n Nev\u00e1rez<br \/>\n4. Fryda Libertad Licano Ram\u00edrez<br \/>\n5. Gildardo Iv\u00e1n F\u00e9lix Dur\u00e1n<br \/>\n6. Eduardo Antonio S\u00e1enz Fr\u00edas<br \/>\n7. Claudia Cristina Gurrola D\u00edaz<br \/>\n8. Yuliana Ilem Rodr\u00edguez Gonz\u00e1lez<br \/>\n9. Silvia Ru\u00edz Mijares<br \/>\n10. Ada Miriam Aguilera Mercado<br \/>\n11. Flor Alejandra Corral Requejo<br \/>\n12. Karla Ivette Guti\u00e9rrez Isla<br \/>\n13. Silvia Holgu\u00edn Cinco<br \/>\n14. Georgina \u00c1vila Silva<br \/>\n15. Adri\u00e1n Raymundo Torres del Toro<br \/>\n16. Luz Elena Mears Delgado<br \/>\n17. Liz Aguilera Garc\u00eda<br \/>\n18. Edgar Eduardo N\u00fa\u00f1ez Montes<\/p>\n<p>Cabe mencionar que fueron cinco las personas aspirantes que no cumplen con los requisitos establecidos en la convocatoria y que quedaron fuera del proceso de entrevistas y de evaluaci\u00f3n, en este caso, 4 hombres y una mujer.<\/p>\n<p>Los pr\u00f3ximos lunes 19 y martes 20 de enero, se realizar\u00e1n las entrevistas con una duraci\u00f3n de 20 minutos a partir de las 09:00 horas y posteriormente, las y los legisladores podr\u00e1n evaluar a cada uno de las personas aspirantes mediante la plataforma oficial del Congreso del Estado.<\/p>\n<p>Por otro lado, se aprob\u00f3 por unanimidad, declarar recinto oficial del Poder Legislativo, la \u201cEx Aduana\u201d en Ciudad Ju\u00e1rez, Chihuahua, para llevar a cabo sesi\u00f3n de la Diputaci\u00f3n Permanente el 09 de febrero del 2026, as\u00ed como la Casa Stallforth en Hidalgo del Parral, para realizar el pr\u00f3ximo 20 de febrero del presente a\u00f1o.<\/p>\n<p>En esta reuni\u00f3n de trabajo, estuvieron presentes Cuauht\u00e9moc Estrada, presidente de la JUCOPO; Magdalena Renter\u00eda, Subcoordinadora del GPPMORENA; Alfredo Ch\u00e1vez, Coordinador del GPPAN; Sa\u00fal Mireles, Subcoordinador del GPPAN; Arturo Medina, Coordinador del GPPRI, Guillermo Ram\u00edrez, presidente de la Mesa Directiva; la diputada Am\u00e9rica Aguilar; Francisco S\u00e1nchez, Coordinador del GPPMC; Alma Portillo, Subcoordinadora del GPPMC; Octavio Borunda, representante del Partido Verde e Irlanda M\u00e1rquez, representante del PT.<\/p>\n","protected":false},"excerpt":{"rendered":"<p>-La o el titular electo, estar\u00e1 al frente de la CEDH durante 5 a\u00f1os. Ciudad de Chihuahua.- Integrantes de la Junta de Coordinaci\u00f3n Pol\u00edtica (JUCOPO) del Congreso local, aprobaron por unanimidad el listado de las personas aspirantes a ocupar la titularidad de la Comisi\u00f3n Estatal de los Derechos Humanos (CEDH) que cumplen con los requisitos [&hellip;]<\/p>\n","protected":false},"author":1,"featured_media":88522,"comment_status":"closed","ping_status":"open","sticky":false,"template":"","format":"standard","meta":{"rop_custom_images_group":[],"rop_custom_messages_group":[],"rop_publish_now":"initial","rop_publish_now_accounts":[],"rop_publish_now_history":[],"rop_publish_now_status":"pending","footnotes":""},"categories":[67,72],"tags":[23],"class_list":["post-88521","post","type-post","status-publish","format-standard","has-post-thumbnail","hentry","category-ciudad","category-estado","tag-destacado"],"_links":{"self":[{"href":"https:\/\/notiissa.mx\/index.php?rest_route=\/wp\/v2\/posts\/88521","targetHints":{"allow":["GET"]}}],"collection":[{"href":"https:\/\/notiissa.mx\/index.php?rest_route=\/wp\/v2\/posts"}],"about":[{"href":"https:\/\/notiissa.mx\/index.php?rest_route=\/wp\/v2\/types\/post"}],"author":[{"embeddable":true,"href":"https:\/\/notiissa.mx\/index.php?rest_route=\/wp\/v2\/users\/1"}],"replies":[{"embeddable":true,"href":"https:\/\/notiissa.mx\/index.php?rest_route=%2Fwp%2Fv2%2Fcomments&post=88521"}],"version-history":[{"count":1,"href":"https:\/\/notiissa.mx\/index.php?rest_route=\/wp\/v2\/posts\/88521\/revisions"}],"predecessor-version":[{"id":88523,"href":"https:\/\/notiissa.mx\/index.php?rest_route=\/wp\/v2\/posts\/88521\/revisions\/88523"}],"wp:featuredmedia":[{"embeddable":true,"href":"https:\/\/notiissa.mx\/index.php?rest_route=\/wp\/v2\/media\/88522"}],"wp:attachment":[{"href":"https:\/\/notiissa.mx\/index.php?rest_route=%2Fwp%2Fv2%2Fmedia&parent=88521"}],"wp:term":[{"taxonomy":"category","embeddable":true,"href":"https:\/\/notiissa.mx\/index.php?rest_route=%2Fwp%2Fv2%2Fcategories&post=88521"},{"taxonomy":"post_tag","embeddable":true,"href":"https:\/\/notiissa.mx\/index.php?rest_route=%2Fwp%2Fv2%2Ftags&post=88521"}],"curies":[{"name":"wp","href":"https:\/\/api.w.org\/{rel}","templated":true}]}}