{"id":88503,"date":"2026-01-15T10:19:46","date_gmt":"2026-01-15T17:19:46","guid":{"rendered":"https:\/\/notiissa.mx\/?p=88503"},"modified":"2026-01-15T10:19:46","modified_gmt":"2026-01-15T17:19:46","slug":"julio-iglesias-prepara-una-respuesta-clara-y-contundente","status":"publish","type":"post","link":"https:\/\/notiissa.mx\/?p=88503","title":{"rendered":"Julio Iglesias prepara una respuesta \u00abclara y contundente\u00bb"},"content":{"rendered":"<h1 class=\"HeadLine-root HeadLine-type_2 \">Ante las denuncias de abuso sexual.<\/h1>\n<hr \/>\n<p>Un medio espa\u00f1ol se comunic\u00f3 con el artista, quien asegur\u00f3 que \u00abtodo se va a aclarar\u00bb.<\/p>\n<p>La respuesta p\u00fablica del cantante espa\u00f1ol Julio Iglesias, de 82 a\u00f1os, ante las acusaciones de exempleadas de sus mansiones en Rep\u00fablica Dominicana y Bahamas a\u00fan no se ha producido. Sin embargo, el artista ha hablado en privado con un medio de su pa\u00eds sobre la postura que adoptar\u00e1 ante el esc\u00e1ndalo.<\/p>\n<p>En declaraciones\u00a0telef\u00f3nicas al portal \u00a1Hola!, el artista admiti\u00f3 que todav\u00eda no es momento de hacer declaraciones p\u00fablicas, aunque llegar\u00e1 muy pronto, y dar\u00e1 entonces una respuesta <strong>\u00abclara y contundente\u00bb<\/strong>\u00a0que <strong>\u00abno ofrecer\u00e1 ninguna duda\u00bb<\/strong>.<\/p>\n<p>Adem\u00e1s, indic\u00f3 que \u00abest\u00e1 <strong>preparando su defensa<\/strong> y todo se va a aclarar\u00bb, ya que quiere llegar \u00abal fondo de la cuesti\u00f3n\u00bb, para que no haya dudas sobre \u00abcu\u00e1les son las verdaderas circunstancias y el relato real de todo lo sucedido\u00bb.<\/p>\n<p>El portal a\u00f1ade que, aunque el entorno del cantante no ha hecho declaraciones p\u00fablicas, en privado niegan las denuncias de acoso laboral y abuso sexual, y manifiestan su \u00abestupor\u00bb ante la situaci\u00f3n.<\/p>\n<h3>\u00abMuy preocupado\u00bb<\/h3>\n<p>Respecto al estado de Iglesias, circulan distintas versiones en Espa\u00f1a. \u00abEst\u00e1 <strong>preocupado y mal de \u00e1nimo<\/strong>\u00ab, afirm\u00f3 el periodista Nacho Gay en el programa\u00a0&#8216;Y ahora Sonsoles&#8217;, de la cadena Antena 3, bas\u00e1ndose en testimonios de personas cercanas al cantante. Asegur\u00f3, adem\u00e1s, que se encuentra \u00aben <strong>estado de ansiedad<\/strong>\u00ab.<\/p>\n<p>\u00ab\u00c9l no entiende nada\u00bb, continu\u00f3, y agreg\u00f3 que pidi\u00f3 a su c\u00edrculo de confianza que lo mantenga al tanto de todo lo que se dice en los medios, dada la importancia de \u00abla imagen p\u00fablica que tiene\u00bb.<\/p>\n<p>En la misma l\u00ednea se manifest\u00f3 la periodista Paloma Garc\u00eda-Pelayo en el mismo programa. All\u00ed expres\u00f3\u00a0que \u00abJulio est\u00e1 preocupado\u00bb. \u00abPreocupado primero por el impacto internacional, porque hoy <strong>su imagen se ha ca\u00eddo absolutamente<\/strong> y es como si le hubieran matado, internacionalmente hablando\u00bb, dijo, y asegur\u00f3 que \u00abtiene a sus abogados a por todas\u00bb.<\/p>\n<p>No obstante, Leticia Requejo, de Telecinco, sostuvo que el cantante estaba <strong>\u00abtranquilo\u00bb<\/strong> y \u00abnada preocupado\u00bb. \u00abNo saben el por qu\u00e9 mienten, pero quiz\u00e1s hablar\u00edan desde el resentimiento, porque la relaci\u00f3n laboral con Julio Iglesias se termina al no ser eficientes ni buenas en sus respectivos trabajos\u00bb, concluy\u00f3.<\/p>\n<p><strong>RT.<\/strong><\/p>\n<p>&nbsp;<\/p>\n","protected":false},"excerpt":{"rendered":"<p>Ante las denuncias de abuso sexual. Un medio espa\u00f1ol se comunic\u00f3 con el artista, quien asegur\u00f3 que \u00abtodo se va a aclarar\u00bb. La respuesta p\u00fablica del cantante espa\u00f1ol Julio Iglesias, de 82 a\u00f1os, ante las acusaciones de exempleadas de sus mansiones en Rep\u00fablica Dominicana y Bahamas a\u00fan no se ha producido. Sin embargo, el artista [&hellip;]<\/p>\n","protected":false},"author":1,"featured_media":88504,"comment_status":"closed","ping_status":"open","sticky":false,"template":"","format":"standard","meta":{"rop_custom_images_group":[],"rop_custom_messages_group":[],"rop_publish_now":"initial","rop_publish_now_accounts":[],"rop_publish_now_history":[],"rop_publish_now_status":"pending","footnotes":""},"categories":[67,70,72],"tags":[23],"class_list":["post-88503","post","type-post","status-publish","format-standard","has-post-thumbnail","hentry","category-ciudad","category-espectaculos","category-estado","tag-destacado"],"_links":{"self":[{"href":"https:\/\/notiissa.mx\/index.php?rest_route=\/wp\/v2\/posts\/88503","targetHints":{"allow":["GET"]}}],"collection":[{"href":"https:\/\/notiissa.mx\/index.php?rest_route=\/wp\/v2\/posts"}],"about":[{"href":"https:\/\/notiissa.mx\/index.php?rest_route=\/wp\/v2\/types\/post"}],"author":[{"embeddable":true,"href":"https:\/\/notiissa.mx\/index.php?rest_route=\/wp\/v2\/users\/1"}],"replies":[{"embeddable":true,"href":"https:\/\/notiissa.mx\/index.php?rest_route=%2Fwp%2Fv2%2Fcomments&post=88503"}],"version-history":[{"count":1,"href":"https:\/\/notiissa.mx\/index.php?rest_route=\/wp\/v2\/posts\/88503\/revisions"}],"predecessor-version":[{"id":88505,"href":"https:\/\/notiissa.mx\/index.php?rest_route=\/wp\/v2\/posts\/88503\/revisions\/88505"}],"wp:featuredmedia":[{"embeddable":true,"href":"https:\/\/notiissa.mx\/index.php?rest_route=\/wp\/v2\/media\/88504"}],"wp:attachment":[{"href":"https:\/\/notiissa.mx\/index.php?rest_route=%2Fwp%2Fv2%2Fmedia&parent=88503"}],"wp:term":[{"taxonomy":"category","embeddable":true,"href":"https:\/\/notiissa.mx\/index.php?rest_route=%2Fwp%2Fv2%2Fcategories&post=88503"},{"taxonomy":"post_tag","embeddable":true,"href":"https:\/\/notiissa.mx\/index.php?rest_route=%2Fwp%2Fv2%2Ftags&post=88503"}],"curies":[{"name":"wp","href":"https:\/\/api.w.org\/{rel}","templated":true}]}}