{"id":88494,"date":"2026-01-15T09:37:46","date_gmt":"2026-01-15T16:37:46","guid":{"rendered":"https:\/\/notiissa.mx\/?p=88494"},"modified":"2026-01-15T09:37:46","modified_gmt":"2026-01-15T16:37:46","slug":"promueve-la-uach-educacion-en-salud-bucal","status":"publish","type":"post","link":"https:\/\/notiissa.mx\/?p=88494","title":{"rendered":"Promueve la UACH educaci\u00f3n en salud bucal"},"content":{"rendered":"<p><strong>Desde edades tempranas.<\/strong><\/p>\n<hr \/>\n<p><strong>Ciudad de Chihuahua.-<\/strong> La educaci\u00f3n en salud bucal desde la infancia es una de las principales estrategias para prevenir enfermedades a largo plazo y fomentar una cultura de autocuidado, destac\u00f3 la Facultad de Odontolog\u00eda de la UACH, como parte de su compromiso con la formaci\u00f3n integral y el servicio a la comunidad.<\/p>\n<p>El maestro en Estomatolog\u00eda con Opci\u00f3n en Periodoncia de esta unidad acad\u00e9mica, Jes\u00fas Eduardo Argumedo L\u00f3pez, se\u00f1al\u00f3 que ense\u00f1ar a ni\u00f1as y ni\u00f1os a cepillarse correctamente, utilizar hilo dental y mantener h\u00e1bitos adecuados de higiene bucal permite reducir significativamente la incidencia de caries, enfermedades periodontales y otras afecciones que, de no atenderse a tiempo, pueden afectar la salud general.<\/p>\n<p>Asimismo, enfatiz\u00f3 que no solo tiene un impacto inmediato, sino que genera conciencia sobre la importancia de la prevenci\u00f3n, promoviendo pr\u00e1cticas responsables que se mantienen a lo largo de la vida adulta; en este sentido, la formaci\u00f3n en salud bucal se convierte en una herramienta fundamental para mejorar la calidad de vida de las personas.<\/p>\n<p>Desde el \u00e1mbito acad\u00e9mico, la Facultad de Odontolog\u00eda integra estos enfoques preventivos en la preparaci\u00f3n de sus estudiantes, quienes participan en actividades de promoci\u00f3n de la salud, orientaci\u00f3n y atenci\u00f3n b\u00e1sica, bajo la supervisi\u00f3n de docentes especializados. Estas acciones fortalecen su formaci\u00f3n profesional, al tiempo que contribuyen al bienestar de distintos sectores de la poblaci\u00f3n.<\/p>\n<p>Adem\u00e1s, la facultad cuenta con cl\u00ednicas universitarias que brindan atenci\u00f3n odontol\u00f3gica a bajo costo, lo que permite que m\u00e1s familias tengan acceso a servicios de calidad y a orientaci\u00f3n especializada, reforzando as\u00ed el v\u00ednculo entre la universidad y la sociedad.<\/p>\n<p>Con estas iniciativas, la Facultad de Odontolog\u00eda de la UACH refrenda su vocaci\u00f3n social y su compromiso con la prevenci\u00f3n, la educaci\u00f3n y el cuidado integral de la salud bucal desde las primeras etapas de la vida.<\/p>\n","protected":false},"excerpt":{"rendered":"<p>Desde edades tempranas. Ciudad de Chihuahua.- La educaci\u00f3n en salud bucal desde la infancia es una de las principales estrategias para prevenir enfermedades a largo plazo y fomentar una cultura de autocuidado, destac\u00f3 la Facultad de Odontolog\u00eda de la UACH, como parte de su compromiso con la formaci\u00f3n integral y el servicio a la comunidad. [&hellip;]<\/p>\n","protected":false},"author":1,"featured_media":88495,"comment_status":"closed","ping_status":"open","sticky":false,"template":"","format":"standard","meta":{"rop_custom_images_group":[],"rop_custom_messages_group":[],"rop_publish_now":"initial","rop_publish_now_accounts":[],"rop_publish_now_history":[],"rop_publish_now_status":"pending","footnotes":""},"categories":[67,72],"tags":[23],"class_list":["post-88494","post","type-post","status-publish","format-standard","has-post-thumbnail","hentry","category-ciudad","category-estado","tag-destacado"],"_links":{"self":[{"href":"https:\/\/notiissa.mx\/index.php?rest_route=\/wp\/v2\/posts\/88494","targetHints":{"allow":["GET"]}}],"collection":[{"href":"https:\/\/notiissa.mx\/index.php?rest_route=\/wp\/v2\/posts"}],"about":[{"href":"https:\/\/notiissa.mx\/index.php?rest_route=\/wp\/v2\/types\/post"}],"author":[{"embeddable":true,"href":"https:\/\/notiissa.mx\/index.php?rest_route=\/wp\/v2\/users\/1"}],"replies":[{"embeddable":true,"href":"https:\/\/notiissa.mx\/index.php?rest_route=%2Fwp%2Fv2%2Fcomments&post=88494"}],"version-history":[{"count":1,"href":"https:\/\/notiissa.mx\/index.php?rest_route=\/wp\/v2\/posts\/88494\/revisions"}],"predecessor-version":[{"id":88496,"href":"https:\/\/notiissa.mx\/index.php?rest_route=\/wp\/v2\/posts\/88494\/revisions\/88496"}],"wp:featuredmedia":[{"embeddable":true,"href":"https:\/\/notiissa.mx\/index.php?rest_route=\/wp\/v2\/media\/88495"}],"wp:attachment":[{"href":"https:\/\/notiissa.mx\/index.php?rest_route=%2Fwp%2Fv2%2Fmedia&parent=88494"}],"wp:term":[{"taxonomy":"category","embeddable":true,"href":"https:\/\/notiissa.mx\/index.php?rest_route=%2Fwp%2Fv2%2Fcategories&post=88494"},{"taxonomy":"post_tag","embeddable":true,"href":"https:\/\/notiissa.mx\/index.php?rest_route=%2Fwp%2Fv2%2Ftags&post=88494"}],"curies":[{"name":"wp","href":"https:\/\/api.w.org\/{rel}","templated":true}]}}