{"id":88467,"date":"2026-01-14T15:23:49","date_gmt":"2026-01-14T22:23:49","guid":{"rendered":"https:\/\/notiissa.mx\/?p=88467"},"modified":"2026-01-14T15:23:49","modified_gmt":"2026-01-14T22:23:49","slug":"resolucion-de-la-scjn-lastima-la-ganaderia-de-chihuahua-medina","status":"publish","type":"post","link":"https:\/\/notiissa.mx\/?p=88467","title":{"rendered":"Resoluci\u00f3n de la SCJN lastima la ganader\u00eda de Chihuahua: Medina"},"content":{"rendered":"<p><strong>Por freno al control del gusano barrenador.<\/strong><\/p>\n<hr \/>\n<p><strong>Chihuahua.-<\/strong> Arturo Medina, coordinador de los diputados del PRI en el Congreso local, quien ha mantenido una agenda firme para impulsar el combate al gusano barrenador, expres\u00f3 su descontento con la resoluci\u00f3n de la Suprema Corte de Justicia de la Naci\u00f3n, mediante la cual se invalidan las medidas tomadas por el Gobierno del Estado de Chihuahua que establec\u00edan controles para frenar la propagaci\u00f3n del gusano barrenador en la entidad.<\/p>\n<p>El priista se\u00f1al\u00f3 que el acuerdo que \u201ctumb\u00f3\u201d la Corte surgi\u00f3 de un an\u00e1lisis serio realizado entre el sector ganadero y las autoridades locales, y que sus resultados se han visto con claridad al mantenerse el estado libre de contagios.<\/p>\n<p>Medina reclam\u00f3 que la Federaci\u00f3n se ha quedado corta en acciones para combatir la plaga que mantiene al sector ganadero en incertidumbre ante el cierre de la frontera con Estados Unidos, por lo que consider\u00f3 inexplicable que, adem\u00e1s de no actuar con firmeza en el tema, se dediquen a combatir a quienes s\u00ed han mostrado inter\u00e9s en detener la situaci\u00f3n.<\/p>\n<p>\u201cNo hacen lo que tienen que hacer y se molestan porque alguien s\u00ed lo hace; ahora hasta usan a la Corte para combatir a quienes luchan por reactivar la econom\u00eda del sector ganadero, del que dependen miles de familias en todo el pa\u00eds, pero especialmente en el norte\u201d, se\u00f1al\u00f3.<\/p>\n<p>El coordinador legislativo indic\u00f3 que, afortunadamente, los ganaderos del estado son responsables y trabajan con extremo cuidado; sin embargo, denunci\u00f3 que pareciera que la Federaci\u00f3n tiene un inter\u00e9s particular en agredirlos al frenar los protocolos que se hab\u00edan establecido para mantener la calidad del hato ganadero local.<\/p>\n<p>Cuestion\u00f3 que, por un lado, las autoridades federales pidan no politizar el tema del gusano barrenador, pero por otro lo judicialicen, y calific\u00f3 como rid\u00edcula la resoluci\u00f3n de la Corte, que a todas luces tiene como inter\u00e9s principal ocultar la deficiente actuaci\u00f3n del gobierno federal, aunque para ello tengan que derribar cualquier esfuerzo ajeno.<\/p>\n<p>\u201cSeguiremos poniendo todo nuestro esfuerzo y atenci\u00f3n en el tema y, sobre todo, haciendo algo que la Federaci\u00f3n no hace: escuchar a los ganaderos, que son quienes han soportado el peso de las malas decisiones del gobierno\u201d, finaliz\u00f3.<\/p>\n","protected":false},"excerpt":{"rendered":"<p>Por freno al control del gusano barrenador. Chihuahua.- Arturo Medina, coordinador de los diputados del PRI en el Congreso local, quien ha mantenido una agenda firme para impulsar el combate al gusano barrenador, expres\u00f3 su descontento con la resoluci\u00f3n de la Suprema Corte de Justicia de la Naci\u00f3n, mediante la cual se invalidan las medidas [&hellip;]<\/p>\n","protected":false},"author":1,"featured_media":88468,"comment_status":"closed","ping_status":"open","sticky":false,"template":"","format":"standard","meta":{"rop_custom_images_group":[],"rop_custom_messages_group":[],"rop_publish_now":"initial","rop_publish_now_accounts":[],"rop_publish_now_history":[],"rop_publish_now_status":"pending","footnotes":""},"categories":[67,72],"tags":[],"class_list":["post-88467","post","type-post","status-publish","format-standard","has-post-thumbnail","hentry","category-ciudad","category-estado"],"_links":{"self":[{"href":"https:\/\/notiissa.mx\/index.php?rest_route=\/wp\/v2\/posts\/88467","targetHints":{"allow":["GET"]}}],"collection":[{"href":"https:\/\/notiissa.mx\/index.php?rest_route=\/wp\/v2\/posts"}],"about":[{"href":"https:\/\/notiissa.mx\/index.php?rest_route=\/wp\/v2\/types\/post"}],"author":[{"embeddable":true,"href":"https:\/\/notiissa.mx\/index.php?rest_route=\/wp\/v2\/users\/1"}],"replies":[{"embeddable":true,"href":"https:\/\/notiissa.mx\/index.php?rest_route=%2Fwp%2Fv2%2Fcomments&post=88467"}],"version-history":[{"count":1,"href":"https:\/\/notiissa.mx\/index.php?rest_route=\/wp\/v2\/posts\/88467\/revisions"}],"predecessor-version":[{"id":88469,"href":"https:\/\/notiissa.mx\/index.php?rest_route=\/wp\/v2\/posts\/88467\/revisions\/88469"}],"wp:featuredmedia":[{"embeddable":true,"href":"https:\/\/notiissa.mx\/index.php?rest_route=\/wp\/v2\/media\/88468"}],"wp:attachment":[{"href":"https:\/\/notiissa.mx\/index.php?rest_route=%2Fwp%2Fv2%2Fmedia&parent=88467"}],"wp:term":[{"taxonomy":"category","embeddable":true,"href":"https:\/\/notiissa.mx\/index.php?rest_route=%2Fwp%2Fv2%2Fcategories&post=88467"},{"taxonomy":"post_tag","embeddable":true,"href":"https:\/\/notiissa.mx\/index.php?rest_route=%2Fwp%2Fv2%2Ftags&post=88467"}],"curies":[{"name":"wp","href":"https:\/\/api.w.org\/{rel}","templated":true}]}}