{"id":88406,"date":"2026-01-13T12:04:35","date_gmt":"2026-01-13T19:04:35","guid":{"rendered":"https:\/\/notiissa.mx\/?p=88406"},"modified":"2026-01-13T12:04:35","modified_gmt":"2026-01-13T19:04:35","slug":"presenta-osuach-primera-temporada-de-conciertos-2026","status":"publish","type":"post","link":"https:\/\/notiissa.mx\/?p=88406","title":{"rendered":"Presenta OSUACH Primera Temporada de Conciertos 2026"},"content":{"rendered":"<p><strong>Dar\u00e1 inicio el pr\u00f3ximo 22 de enero en el Paraninfo Universitario.<\/strong><\/p>\n<hr \/>\n<p><strong>Ciudad de Chihuahua.-<\/strong> El Consejo Consultivo de la Orquesta Sinf\u00f3nica de la Universidad Aut\u00f3noma de Chihuahua (OSUACH) aprob\u00f3 la realizaci\u00f3n de su Primera Temporada de Conciertos 2026, integrada por una programaci\u00f3n diversa que contempla 12 presentaciones a lo largo del primer semestre del a\u00f1o, en las que se combinan propuestas de m\u00fasica cl\u00e1sica, fusiones contempor\u00e1neas y proyectos de divulgaci\u00f3n cultural, con la participaci\u00f3n de artistas y agrupaciones invitadas.<\/p>\n<p>La temporada dar\u00e1 inicio el pr\u00f3ximo 22 de enero en el Paraninfo Universitario, con el concierto inaugural titulado \u00abEl Titan de Mahler: Sinfon\u00eda #1\u00bb, que marcar\u00e1 el arranque de una agenda pensada para p\u00fablicos diversos.<\/p>\n<p>Dentro de la programaci\u00f3n destacan conciertos tem\u00e1ticos que vinculan la m\u00fasica con otras disciplinas y expresiones culturales. El 5 de febrero se presentar\u00e1 \u00abM\u00fasica y deporte\u00bb, un programa inspirado en el f\u00fatbol americano y el S\u00faper Bowl, con la participaci\u00f3n de la Marching Band de la UACH. El 19 de febrero, bajo el t\u00edtulo \u00abM\u00fasica, naturaleza y aventura\u00bb, se conmemorar\u00e1n los 100 a\u00f1os de los Scouts en M\u00e9xico.<\/p>\n<p>El 5 de marzo, la OSUACH ofrecer\u00e1 \u00abChina: m\u00fasica, legado e inspiraciones\u00bb, en colaboraci\u00f3n con el Instituto Confucio para dar la bienvenida al a\u00f1o chino; mientras que el 14 de marzo se desarrollar\u00e1 \u00abLa gimnasia con la OSUACH\u00bb. En el marco del D\u00eda Internacional de la Mujer, el 19 de marzo, se presentar\u00e1 \u00abEl cuerpo en m\u00fasica: la gimnasia y la danza\u00bb.<\/p>\n<p>La temporada continuar\u00e1 el 16 de abril con \u00abM\u00fasica de pel\u00edculas y rock\u00bb, y los d\u00edas 22 y 23 de abril se llevar\u00e1n a cabo conciertos did\u00e1cticos bajo el t\u00edtulo \u00abA jugar y conocer la OSUACH\u00bb, dirigidos a p\u00fablicos infantiles. El 4 de mayo se presentar\u00e1 \u00abStar UACH: que la fuerza nos acompa\u00f1e\u00bb, concierto con doble funci\u00f3n en atenci\u00f3n a la gran demanda de p\u00fablico en a\u00f1os anteriores. El concierto del 21 de mayo ser\u00e1 dedicado a celebrar a las y los estudiantes de la UACH con m\u00fasica de videojuegos.<\/p>\n<p>En la recta final de la temporada, el 5 de junio se interpretar\u00e1 \u00abLa m\u00fasica en Italia\u00bb, con el Stabat Mater de Rossini; el 18 de junio se presentar\u00e1 \u00abM\u00fasica de nuestra Am\u00e9rica\u00bb y el cierre tendr\u00e1 lugar el 1 de julio con el concierto \u00abViva Chihuahua 3.0\u00bb, que tambi\u00e9n tendr\u00e1 dos funciones para la comunidad universitaria y p\u00fablico chihuahuense.<\/p>\n<p>La entrada a todos los conciertos ser\u00e1 gratuita con boleto, que podr\u00e1n adquirirse a trav\u00e9s de la aplicaci\u00f3n UACH M\u00f3vil.<\/p>\n","protected":false},"excerpt":{"rendered":"<p>Dar\u00e1 inicio el pr\u00f3ximo 22 de enero en el Paraninfo Universitario. Ciudad de Chihuahua.- El Consejo Consultivo de la Orquesta Sinf\u00f3nica de la Universidad Aut\u00f3noma de Chihuahua (OSUACH) aprob\u00f3 la realizaci\u00f3n de su Primera Temporada de Conciertos 2026, integrada por una programaci\u00f3n diversa que contempla 12 presentaciones a lo largo del primer semestre del a\u00f1o, [&hellip;]<\/p>\n","protected":false},"author":1,"featured_media":88407,"comment_status":"closed","ping_status":"open","sticky":false,"template":"","format":"standard","meta":{"rop_custom_images_group":[],"rop_custom_messages_group":[],"rop_publish_now":"initial","rop_publish_now_accounts":[],"rop_publish_now_history":[],"rop_publish_now_status":"pending","footnotes":""},"categories":[67,72],"tags":[23],"class_list":["post-88406","post","type-post","status-publish","format-standard","has-post-thumbnail","hentry","category-ciudad","category-estado","tag-destacado"],"_links":{"self":[{"href":"https:\/\/notiissa.mx\/index.php?rest_route=\/wp\/v2\/posts\/88406","targetHints":{"allow":["GET"]}}],"collection":[{"href":"https:\/\/notiissa.mx\/index.php?rest_route=\/wp\/v2\/posts"}],"about":[{"href":"https:\/\/notiissa.mx\/index.php?rest_route=\/wp\/v2\/types\/post"}],"author":[{"embeddable":true,"href":"https:\/\/notiissa.mx\/index.php?rest_route=\/wp\/v2\/users\/1"}],"replies":[{"embeddable":true,"href":"https:\/\/notiissa.mx\/index.php?rest_route=%2Fwp%2Fv2%2Fcomments&post=88406"}],"version-history":[{"count":1,"href":"https:\/\/notiissa.mx\/index.php?rest_route=\/wp\/v2\/posts\/88406\/revisions"}],"predecessor-version":[{"id":88408,"href":"https:\/\/notiissa.mx\/index.php?rest_route=\/wp\/v2\/posts\/88406\/revisions\/88408"}],"wp:featuredmedia":[{"embeddable":true,"href":"https:\/\/notiissa.mx\/index.php?rest_route=\/wp\/v2\/media\/88407"}],"wp:attachment":[{"href":"https:\/\/notiissa.mx\/index.php?rest_route=%2Fwp%2Fv2%2Fmedia&parent=88406"}],"wp:term":[{"taxonomy":"category","embeddable":true,"href":"https:\/\/notiissa.mx\/index.php?rest_route=%2Fwp%2Fv2%2Fcategories&post=88406"},{"taxonomy":"post_tag","embeddable":true,"href":"https:\/\/notiissa.mx\/index.php?rest_route=%2Fwp%2Fv2%2Ftags&post=88406"}],"curies":[{"name":"wp","href":"https:\/\/api.w.org\/{rel}","templated":true}]}}