{"id":88392,"date":"2026-01-13T10:58:10","date_gmt":"2026-01-13T17:58:10","guid":{"rendered":"https:\/\/notiissa.mx\/?p=88392"},"modified":"2026-01-13T10:59:19","modified_gmt":"2026-01-13T17:59:19","slug":"regidora-monge-llama-a-preservar-la-salud-ante-el-regreso-a-clases","status":"publish","type":"post","link":"https:\/\/notiissa.mx\/?p=88392","title":{"rendered":"Regidora Monge llama a cuidar la salud ante el regreso a clases"},"content":{"rendered":"<p><strong>Y destaca programas educativos municipales.<\/strong><\/p>\n<hr \/>\n<p><strong>Ciudad de Chihuahua.-<\/strong> En el marco del regreso a clases tras el periodo vacacional de invierno la regidora y presidenta de la Comisi\u00f3n de Educaci\u00f3n en el Ayuntamiento de Chihuahua, Myrna Monge, hizo un llamado a la comunidad estudiantil de educaci\u00f3n b\u00e1sica (primaria y secundaria), educaci\u00f3n media superior y educaci\u00f3n superior a cuidar su salud durante la presente temporada invernal y atender las alertas que emita Protecci\u00f3n Civil en torno a las condiciones clim\u00e1ticas que se presenten.<\/p>\n<p>Monge reconoci\u00f3 el esfuerzo de madres y padres de familia, docentes y personal educativo que, pese a las condiciones climatol\u00f3gicas adversas registradas este lunes 12 de enero, con lluvia, bajas temperaturas y riesgo de congelamiento en calles y avenidas, mantienen su compromiso con la educaci\u00f3n de ni\u00f1as, ni\u00f1os y adolescentes.<\/p>\n<p>Refrend\u00f3 su compromiso de seguir trabajando desde el Cabildo y la Comisi\u00f3n de Educaci\u00f3n en favor de la formaci\u00f3n acad\u00e9mica, la seguridad y el bienestar de las familias chihuahuenses durante este ciclo escolar 2026 destacando que continuar\u00e1 como gestora de los programas del Gobierno Municipal que preside el Alcalde Marco Bonilla.<\/p>\n<p>\u00abDeseo que este 2026 sea un a\u00f1o de aprendizaje, salud y oportunidades para todas y todos nuestros estudiantes. Es fundamental que durante esta temporada invernal tomemos las precauciones necesarias para preservar la salud y el bienestar de nuestra comunidad estudiantil\u00bb, expres\u00f3 la regidora.<\/p>\n<p>Subray\u00f3 que, ante estas condiciones clim\u00e1ticas, el Municipio ha hecho recomendaciones preventivas, reiterando que la asistencia a los planteles queda a consideraci\u00f3n de las madres y padres de familia, priorizando en todo momento la seguridad e integridad de las y los alumnos.<\/p>\n<p>Myrna Monge destac\u00f3 el trabajo del alcalde Marco Bonilla, quien ha impulsado de manera constante el programa de infraestructura educativa, mediante el cual se han realizado adecuaciones y mejoras en diversos planteles del municipio, con el objetivo de ofrecer espacios dignos, seguros y adecuados, que permitan a las y los alumnos continuar su formaci\u00f3n protegidos del fr\u00edo y de las inclemencias del clima.<\/p>\n<p>\u00abLa educaci\u00f3n es una prioridad para esta administraci\u00f3n municipal. Gracias al respaldo del alcalde Marco Bonilla, hoy contamos con escuelas mejor equipadas y con infraestructura que responde a las necesidades reales de nuestras comunidades escolares\u00bb, se\u00f1al\u00f3.<\/p>\n<p>Refiri\u00f3 los programas; Mi Bolsa Escolar con entrega de kits de \u00fatiles y mochilas a miles de estudiantes de primaria, secundaria y preparatoria; Escuelas Competitivas que apoya a escuelas b\u00e1sicas y media superior para mejorar equipamiento y condiciones de aprendizaje as\u00ed como la infraestructura educativa que consiste en acciones de mantenimiento, rehabilitaci\u00f3n y construcci\u00f3n en planteles, en colaboraci\u00f3n con el Gobierno del Estado y FECHAC.<\/p>\n<p>Mencion\u00f3 las Becas Acad\u00e9micas y de Formaci\u00f3n que son apoyos econ\u00f3micos para estudiantes de nivel superior, preescolar y otros niveles, basados en excelencia y situaci\u00f3n socioecon\u00f3mica.<\/p>\n","protected":false},"excerpt":{"rendered":"<p>Y destaca programas educativos municipales. Ciudad de Chihuahua.- En el marco del regreso a clases tras el periodo vacacional de invierno la regidora y presidenta de la Comisi\u00f3n de Educaci\u00f3n en el Ayuntamiento de Chihuahua, Myrna Monge, hizo un llamado a la comunidad estudiantil de educaci\u00f3n b\u00e1sica (primaria y secundaria), educaci\u00f3n media superior y educaci\u00f3n [&hellip;]<\/p>\n","protected":false},"author":1,"featured_media":88393,"comment_status":"closed","ping_status":"open","sticky":false,"template":"","format":"standard","meta":{"rop_custom_images_group":[],"rop_custom_messages_group":[],"rop_publish_now":"initial","rop_publish_now_accounts":[],"rop_publish_now_history":[],"rop_publish_now_status":"pending","footnotes":""},"categories":[67,64,72],"tags":[23],"class_list":["post-88392","post","type-post","status-publish","format-standard","has-post-thumbnail","hentry","category-ciudad","category-educacion","category-estado","tag-destacado"],"_links":{"self":[{"href":"https:\/\/notiissa.mx\/index.php?rest_route=\/wp\/v2\/posts\/88392","targetHints":{"allow":["GET"]}}],"collection":[{"href":"https:\/\/notiissa.mx\/index.php?rest_route=\/wp\/v2\/posts"}],"about":[{"href":"https:\/\/notiissa.mx\/index.php?rest_route=\/wp\/v2\/types\/post"}],"author":[{"embeddable":true,"href":"https:\/\/notiissa.mx\/index.php?rest_route=\/wp\/v2\/users\/1"}],"replies":[{"embeddable":true,"href":"https:\/\/notiissa.mx\/index.php?rest_route=%2Fwp%2Fv2%2Fcomments&post=88392"}],"version-history":[{"count":2,"href":"https:\/\/notiissa.mx\/index.php?rest_route=\/wp\/v2\/posts\/88392\/revisions"}],"predecessor-version":[{"id":88396,"href":"https:\/\/notiissa.mx\/index.php?rest_route=\/wp\/v2\/posts\/88392\/revisions\/88396"}],"wp:featuredmedia":[{"embeddable":true,"href":"https:\/\/notiissa.mx\/index.php?rest_route=\/wp\/v2\/media\/88393"}],"wp:attachment":[{"href":"https:\/\/notiissa.mx\/index.php?rest_route=%2Fwp%2Fv2%2Fmedia&parent=88392"}],"wp:term":[{"taxonomy":"category","embeddable":true,"href":"https:\/\/notiissa.mx\/index.php?rest_route=%2Fwp%2Fv2%2Fcategories&post=88392"},{"taxonomy":"post_tag","embeddable":true,"href":"https:\/\/notiissa.mx\/index.php?rest_route=%2Fwp%2Fv2%2Ftags&post=88392"}],"curies":[{"name":"wp","href":"https:\/\/api.w.org\/{rel}","templated":true}]}}