{"id":88376,"date":"2026-01-12T12:55:20","date_gmt":"2026-01-12T19:55:20","guid":{"rendered":"https:\/\/notiissa.mx\/?p=88376"},"modified":"2026-01-12T12:55:20","modified_gmt":"2026-01-12T19:55:20","slug":"mattel-lanza-una-barbie-con-autismo","status":"publish","type":"post","link":"https:\/\/notiissa.mx\/?p=88376","title":{"rendered":"Mattel lanza una Barbie con autismo"},"content":{"rendered":"<p>La mu\u00f1eca viene con una tableta de comunicaci\u00f3n, un spinner y auriculares con cancelaci\u00f3n de ruido.<\/p>\n<p>La compa\u00f1\u00eda de juguetes Mattel lanz\u00f3\u00a0su primera Barbie con autismo, incorpor\u00e1ndola a la serie\u00a0<strong>Barbie Fashionistas<\/strong>, que tambi\u00e9n incluye mu\u00f1ecas con s\u00edndrome de Down, diabetes tipo 1, ceguera y otros rasgos.<\/p>\n<p>Seg\u00fan<strong>\u00a0<\/strong>la descripci\u00f3n, la mu\u00f1eca<strong>\u00a0<\/strong>lleva el pelo suelto \u2014ya que el trastorno puede influir en las habilidades motoras\u2014,\u00a0<strong>auriculares con cancelaci\u00f3n de ruido<\/strong> y un <strong>spinner<\/strong> para atenuar est\u00edmulos molestos.<\/p>\n<p>Entre los accesorios se incluye tambi\u00e9n una\u00a0<strong>tableta de comunicaci\u00f3n aumentativa y alternativa (CAA)<\/strong>, que ayuda a las personas con autismo a expresarse m\u00e1s all\u00e1 de la comunicaci\u00f3n oral.<\/p>\n<p>La organizaci\u00f3n\u00a0<strong>Red de Autodefensa de Personas Autistas (ASAN, por sus siglas en ingl\u00e9s)<\/strong>\u00a0particip\u00f3 en el desarrollo de la mu\u00f1eca.<\/p>\n<p>Barbie lanz\u00f3\u00a0en 2019 una serie de mu\u00f1ecas con discapacidades f\u00edsicas, que incluyen modelos en silla de ruedas y con pr\u00f3tesis de pierna.<\/p>\n<p><strong>RT.<\/strong><\/p>\n","protected":false},"excerpt":{"rendered":"<p>La mu\u00f1eca viene con una tableta de comunicaci\u00f3n, un spinner y auriculares con cancelaci\u00f3n de ruido. La compa\u00f1\u00eda de juguetes Mattel lanz\u00f3\u00a0su primera Barbie con autismo, incorpor\u00e1ndola a la serie\u00a0Barbie Fashionistas, que tambi\u00e9n incluye mu\u00f1ecas con s\u00edndrome de Down, diabetes tipo 1, ceguera y otros rasgos. Seg\u00fan\u00a0la descripci\u00f3n, la mu\u00f1eca\u00a0lleva el pelo suelto \u2014ya que [&hellip;]<\/p>\n","protected":false},"author":1,"featured_media":88377,"comment_status":"closed","ping_status":"open","sticky":false,"template":"","format":"standard","meta":{"rop_custom_images_group":[],"rop_custom_messages_group":[],"rop_publish_now":"initial","rop_publish_now_accounts":[],"rop_publish_now_history":[],"rop_publish_now_status":"pending","footnotes":""},"categories":[67,72,66,77],"tags":[23],"class_list":["post-88376","post","type-post","status-publish","format-standard","has-post-thumbnail","hentry","category-ciudad","category-estado","category-estilo-de-vida","category-ni-lectoris","tag-destacado"],"_links":{"self":[{"href":"https:\/\/notiissa.mx\/index.php?rest_route=\/wp\/v2\/posts\/88376","targetHints":{"allow":["GET"]}}],"collection":[{"href":"https:\/\/notiissa.mx\/index.php?rest_route=\/wp\/v2\/posts"}],"about":[{"href":"https:\/\/notiissa.mx\/index.php?rest_route=\/wp\/v2\/types\/post"}],"author":[{"embeddable":true,"href":"https:\/\/notiissa.mx\/index.php?rest_route=\/wp\/v2\/users\/1"}],"replies":[{"embeddable":true,"href":"https:\/\/notiissa.mx\/index.php?rest_route=%2Fwp%2Fv2%2Fcomments&post=88376"}],"version-history":[{"count":1,"href":"https:\/\/notiissa.mx\/index.php?rest_route=\/wp\/v2\/posts\/88376\/revisions"}],"predecessor-version":[{"id":88378,"href":"https:\/\/notiissa.mx\/index.php?rest_route=\/wp\/v2\/posts\/88376\/revisions\/88378"}],"wp:featuredmedia":[{"embeddable":true,"href":"https:\/\/notiissa.mx\/index.php?rest_route=\/wp\/v2\/media\/88377"}],"wp:attachment":[{"href":"https:\/\/notiissa.mx\/index.php?rest_route=%2Fwp%2Fv2%2Fmedia&parent=88376"}],"wp:term":[{"taxonomy":"category","embeddable":true,"href":"https:\/\/notiissa.mx\/index.php?rest_route=%2Fwp%2Fv2%2Fcategories&post=88376"},{"taxonomy":"post_tag","embeddable":true,"href":"https:\/\/notiissa.mx\/index.php?rest_route=%2Fwp%2Fv2%2Ftags&post=88376"}],"curies":[{"name":"wp","href":"https:\/\/api.w.org\/{rel}","templated":true}]}}