{"id":88365,"date":"2026-01-12T12:08:39","date_gmt":"2026-01-12T19:08:39","guid":{"rendered":"https:\/\/notiissa.mx\/?p=88365"},"modified":"2026-01-12T12:08:39","modified_gmt":"2026-01-12T19:08:39","slug":"abre-municipio-las-24-horas-refugios-temporales","status":"publish","type":"post","link":"https:\/\/notiissa.mx\/?p=88365","title":{"rendered":"Abre Municipio las 24 horas refugios temporales"},"content":{"rendered":"<p><strong>&#8211; Permanecer\u00e1n hasta la ma\u00f1ana del mi\u00e9rcoles 14 de enero.<\/strong><\/p>\n<hr \/>\n<p><strong>Ciudad de Chihuahua.-<\/strong> Debido a que permanecen las bajas temperaturas en la ciudad, el Municipio ampl\u00eda la apertura 24 horas de los refugios temporales por dos d\u00edas m\u00e1s, para cerrar la ma\u00f1ana del mi\u00e9rcoles 14 de enero a las 8:00 am.<\/p>\n<p>Los refugios se ubican en dos puntos estrat\u00e9gicos de la ciudad. El primero se localiza en el Centro Comunitario M\u00e1rmol III, sobre la calle Eusebio Castillo, al sur de la ciudad; y el segundo en el CEDEFAM El Porvenir, al norte, en la calle Mina de Dolores.<\/p>\n<p>Ambos espacios se encuentran debidamente acondicionados para ofrecer un lugar seguro durante la noche y el d\u00eda, contando con ba\u00f1os y regaderas, alimentos y bebidas calientes, as\u00ed como \u00e1reas separadas para hombres, mujeres y un espacio especial para familias completas. Asimismo, se brindar\u00e1 atenci\u00f3n m\u00e9dica en caso de que alguna persona lo requiera.<\/p>\n<p>El Gobierno Municipal hace un llamado a la ciudadan\u00eda para que, si se detecta a alguna persona en situaci\u00f3n de calle expuesta a las bajas temperaturas, se realice el reporte inmediato al 9-1-1, con el fin de que elementos de la Polic\u00eda Municipal puedan acudir, ofrecer apoyo oportuno y resguardar su integridad.<\/p>\n","protected":false},"excerpt":{"rendered":"<p>&#8211; Permanecer\u00e1n hasta la ma\u00f1ana del mi\u00e9rcoles 14 de enero. Ciudad de Chihuahua.- Debido a que permanecen las bajas temperaturas en la ciudad, el Municipio ampl\u00eda la apertura 24 horas de los refugios temporales por dos d\u00edas m\u00e1s, para cerrar la ma\u00f1ana del mi\u00e9rcoles 14 de enero a las 8:00 am. Los refugios se ubican [&hellip;]<\/p>\n","protected":false},"author":1,"featured_media":88366,"comment_status":"closed","ping_status":"open","sticky":false,"template":"","format":"standard","meta":{"rop_custom_images_group":[],"rop_custom_messages_group":[],"rop_publish_now":"initial","rop_publish_now_accounts":[],"rop_publish_now_history":[],"rop_publish_now_status":"pending","footnotes":""},"categories":[67,72],"tags":[],"class_list":["post-88365","post","type-post","status-publish","format-standard","has-post-thumbnail","hentry","category-ciudad","category-estado"],"_links":{"self":[{"href":"https:\/\/notiissa.mx\/index.php?rest_route=\/wp\/v2\/posts\/88365","targetHints":{"allow":["GET"]}}],"collection":[{"href":"https:\/\/notiissa.mx\/index.php?rest_route=\/wp\/v2\/posts"}],"about":[{"href":"https:\/\/notiissa.mx\/index.php?rest_route=\/wp\/v2\/types\/post"}],"author":[{"embeddable":true,"href":"https:\/\/notiissa.mx\/index.php?rest_route=\/wp\/v2\/users\/1"}],"replies":[{"embeddable":true,"href":"https:\/\/notiissa.mx\/index.php?rest_route=%2Fwp%2Fv2%2Fcomments&post=88365"}],"version-history":[{"count":1,"href":"https:\/\/notiissa.mx\/index.php?rest_route=\/wp\/v2\/posts\/88365\/revisions"}],"predecessor-version":[{"id":88367,"href":"https:\/\/notiissa.mx\/index.php?rest_route=\/wp\/v2\/posts\/88365\/revisions\/88367"}],"wp:featuredmedia":[{"embeddable":true,"href":"https:\/\/notiissa.mx\/index.php?rest_route=\/wp\/v2\/media\/88366"}],"wp:attachment":[{"href":"https:\/\/notiissa.mx\/index.php?rest_route=%2Fwp%2Fv2%2Fmedia&parent=88365"}],"wp:term":[{"taxonomy":"category","embeddable":true,"href":"https:\/\/notiissa.mx\/index.php?rest_route=%2Fwp%2Fv2%2Fcategories&post=88365"},{"taxonomy":"post_tag","embeddable":true,"href":"https:\/\/notiissa.mx\/index.php?rest_route=%2Fwp%2Fv2%2Ftags&post=88365"}],"curies":[{"name":"wp","href":"https:\/\/api.w.org\/{rel}","templated":true}]}}