{"id":88333,"date":"2026-01-11T11:02:07","date_gmt":"2026-01-11T18:02:07","guid":{"rendered":"https:\/\/notiissa.mx\/?p=88333"},"modified":"2026-01-11T11:02:07","modified_gmt":"2026-01-11T18:02:07","slug":"continua-alerta-preventiva-por-pronostico-de-bajas-temperaturas","status":"publish","type":"post","link":"https:\/\/notiissa.mx\/?p=88333","title":{"rendered":"Contin\u00faa alerta preventiva por pron\u00f3stico de bajas temperaturas"},"content":{"rendered":"<p><strong>Se esperan m\u00e1ximas de 9\u00b0C en Chihuahua.<\/strong><\/p>\n<p><strong>&#8211; La CEPC exhorta a padres y madres de familia mantener medidas preventivas ante traslados durante este regreso a clases.<\/strong><\/p>\n<hr \/>\n<p><strong>Chihuahua.-<\/strong> La Coordinaci\u00f3n Estatal de Protecci\u00f3n Civil (CEPC) informa que se mantiene la alerta preventiva ante el pron\u00f3stico de ca\u00edda de nieve, aguanieve y bajas temperaturas para las pr\u00f3ximas 48 horas.<\/p>\n<p>Estas condiciones son generadas por la presencia del frente fr\u00edo n\u00famero 27 y la segunda tormenta invernal de la temporada.<\/p>\n<p>Esta madrugada se registraron m\u00ednimas de -8 grados cent\u00edgrados (\u00b0C) en Ahumada y San Juanito; en Chihuahua capital se report\u00f3 una m\u00e1xima de 8.3 y m\u00ednima de -2.3\u00b0C.<\/p>\n<p>En municipios como Cuauht\u00e9moc, Madera, Tem\u00f3sachic y El Vergel tambi\u00e9n se registraron temperaturas bajo cero.<\/p>\n<p>Esta tarde de domingo se esperan m\u00e1ximas de 9\u00b0C en Chihuahua, 12\u00b0C en Ju\u00e1rez y Janos, 11\u00b0C en Madera, 13\u00b0C en Tem\u00f3sachic, 7\u00b0C en Cuauht\u00e9moc, 13\u00b0C en Ojinaga, 11\u00b0C en Delicias, 9\u00b0C en Camargo, 7\u00b0C en Jim\u00e9nez y Parral, 8\u00b0C en Creel, 28\u00b0C en Ch\u00ednipas, 9\u00b0C en Guachochi y 7\u00b0C en El Vergel.<\/p>\n<p>Se prev\u00e9n lluvias aisladas a dispersas, con posible ca\u00edda de aguanieve y\/o nieve durante la noche y madrugada de lunes en Madera, Tem\u00f3sachic, Bocoyna, Guachochi, Cuauht\u00e9moc, Parral y Chihuahua capital.<\/p>\n<p>Ante el regreso a clases programado para este lunes, la CEPC alert\u00f3 a los automovilistas sobre el riesgo de congelamiento de la cinta asf\u00e1ltica en tramos carreteros y urbanos, lo que puede provocar accidentes por p\u00e9rdida de control vehicular.<\/p>\n<p>La dependencia recomend\u00f3 conducir con precauci\u00f3n, reducir la velocidad y mantener distancia entre veh\u00edculos.<\/p>\n<p>Adem\u00e1s exhort\u00f3 a la poblaci\u00f3n a extremar precauciones en el uso de calefactores y estufas de gas o le\u00f1a, evitar introducirlos a las habitaciones, mantener una adecuada ventilaci\u00f3n y apagarlos antes de dormir.<\/p>\n<p>Para prevenir accidentes, la instancia llam\u00f3 a la ciudadan\u00eda a no dejar encendidos los aparatos sin supervisi\u00f3n y mantenerlos alejados de materiales inflamables.<\/p>\n","protected":false},"excerpt":{"rendered":"<p>Se esperan m\u00e1ximas de 9\u00b0C en Chihuahua. &#8211; La CEPC exhorta a padres y madres de familia mantener medidas preventivas ante traslados durante este regreso a clases. Chihuahua.- La Coordinaci\u00f3n Estatal de Protecci\u00f3n Civil (CEPC) informa que se mantiene la alerta preventiva ante el pron\u00f3stico de ca\u00edda de nieve, aguanieve y bajas temperaturas para las [&hellip;]<\/p>\n","protected":false},"author":1,"featured_media":88334,"comment_status":"closed","ping_status":"open","sticky":false,"template":"","format":"standard","meta":{"rop_custom_images_group":[],"rop_custom_messages_group":[],"rop_publish_now":"initial","rop_publish_now_accounts":[],"rop_publish_now_history":[],"rop_publish_now_status":"pending","footnotes":""},"categories":[67,72],"tags":[23],"class_list":["post-88333","post","type-post","status-publish","format-standard","has-post-thumbnail","hentry","category-ciudad","category-estado","tag-destacado"],"_links":{"self":[{"href":"https:\/\/notiissa.mx\/index.php?rest_route=\/wp\/v2\/posts\/88333","targetHints":{"allow":["GET"]}}],"collection":[{"href":"https:\/\/notiissa.mx\/index.php?rest_route=\/wp\/v2\/posts"}],"about":[{"href":"https:\/\/notiissa.mx\/index.php?rest_route=\/wp\/v2\/types\/post"}],"author":[{"embeddable":true,"href":"https:\/\/notiissa.mx\/index.php?rest_route=\/wp\/v2\/users\/1"}],"replies":[{"embeddable":true,"href":"https:\/\/notiissa.mx\/index.php?rest_route=%2Fwp%2Fv2%2Fcomments&post=88333"}],"version-history":[{"count":1,"href":"https:\/\/notiissa.mx\/index.php?rest_route=\/wp\/v2\/posts\/88333\/revisions"}],"predecessor-version":[{"id":88335,"href":"https:\/\/notiissa.mx\/index.php?rest_route=\/wp\/v2\/posts\/88333\/revisions\/88335"}],"wp:featuredmedia":[{"embeddable":true,"href":"https:\/\/notiissa.mx\/index.php?rest_route=\/wp\/v2\/media\/88334"}],"wp:attachment":[{"href":"https:\/\/notiissa.mx\/index.php?rest_route=%2Fwp%2Fv2%2Fmedia&parent=88333"}],"wp:term":[{"taxonomy":"category","embeddable":true,"href":"https:\/\/notiissa.mx\/index.php?rest_route=%2Fwp%2Fv2%2Fcategories&post=88333"},{"taxonomy":"post_tag","embeddable":true,"href":"https:\/\/notiissa.mx\/index.php?rest_route=%2Fwp%2Fv2%2Ftags&post=88333"}],"curies":[{"name":"wp","href":"https:\/\/api.w.org\/{rel}","templated":true}]}}