{"id":88311,"date":"2026-01-10T13:39:33","date_gmt":"2026-01-10T20:39:33","guid":{"rendered":"https:\/\/notiissa.mx\/?p=88311"},"modified":"2026-01-10T13:39:33","modified_gmt":"2026-01-10T20:39:33","slug":"nancy-frias-encabeza-el-1er-menudo-en-tu-colonia-en-el-porvenir","status":"publish","type":"post","link":"https:\/\/notiissa.mx\/?p=88311","title":{"rendered":"Nancy Fr\u00edas encabeza el 1er. \u201cMenudo en tu Colonia\u201d en El Porvenir"},"content":{"rendered":"<p><strong>Ciudad de Chihuahua.- E<\/strong>n un ambiente de cercan\u00eda, convivencia y di\u00e1logo directo, la diputada por el Partido Acci\u00f3n Nacional (PAN), Nancy \u201cLa China\u201d Fr\u00edas, realiz\u00f3 el primer encuentro comunitario \u201cMenudo en tu Colonia\u201d en la colonia El Porvenir, donde m\u00e1s de 100 personas acudieron para compartir alimentos, expresar sus inquietudes y fortalecer el v\u00ednculo entre ciudadan\u00eda y representaci\u00f3n legislativa.<\/p>\n<p>Vecinas y vecinos de la colonia El Porvenir se reunieron para participar en esta actividad que tiene como objetivo principal generar espacios de participaci\u00f3n ciudadana, promover la escucha activa y mantener un contacto permanente con las familias chihuahuenses, fuera de los esquemas tradicionales de atenci\u00f3n.<\/p>\n<p>El evento permiti\u00f3 a la diputada conocer de primera mano las principales necesidades de la colonia, as\u00ed como dialogar directamente con adultos mayores, j\u00f3venes, madres y padres de familia, quienes compartieron sus experiencias y propuestas para mejorar su entorno.<\/p>\n<p>Durante su mensaje, Nancy Fr\u00edas destac\u00f3 que este tipo de actividades forman parte de una nueva forma de hacer pol\u00edtica, basada en la cercan\u00eda, la presencia en territorio y la atenci\u00f3n directa a las causas ciudadanas.<\/p>\n<p>\u201cHoy estamos aqu\u00ed porque creemos en una pol\u00edtica cercana, humana y de territorio. Salir a las colonias, sentarnos a la mesa con la gente y escucharlos es la base para tomar mejores decisiones y legislar con sentido social\u201d, se\u00f1al\u00f3 la diputada.<\/p>\n<p>Asimismo, subray\u00f3 que \u201cMenudo en tu Colonia\u201d ser\u00e1 un programa permanente que se llevar\u00e1 a distintas colonias del distrito, con el prop\u00f3sito de fortalecer la participaci\u00f3n ciudadana y generar confianza entre autoridades y sociedad.<\/p>\n<p>\u201cEl Menudo en tu Colonia no es solo venir a compartir un platillo tradicional, es abrir un espacio de di\u00e1logo, de confianza y de trabajo conjunto. Aqu\u00ed no hay discursos lejanos, aqu\u00ed hay compromiso real con las familias y con cada colonia que visitamos\u201d, afirm\u00f3 Nancy \u201cLa China\u201d Fr\u00edas.<\/p>\n<p>Las y los asistentes reconocieron la iniciativa como una oportunidad para ser escuchados y convivir de manera directa con su representante, destacando la importancia de que este tipo de encuentros se realicen de forma constante y cercana.<\/p>\n<p>Con una nutrida asistencia de m\u00e1s de 100 personas, este primer encuentro marca el inicio de una serie de actividades comunitarias que buscan fortalecer el tejido social, promover la organizaci\u00f3n vecinal y consolidar una agenda legislativa construida desde el territorio.<\/p>\n<p>Nancy \u201cLa China\u201d Fr\u00edas reiter\u00f3 su compromiso de continuar recorriendo las colonias, manteniendo un di\u00e1logo abierto con la ciudadan\u00eda y trabajando desde el Congreso del Estado para impulsar iniciativas que respondan a las necesidades reales de la poblaci\u00f3n.<\/p>\n<p>Con acciones como \u201cMenudo en tu Colonia\u201d, la diputada refrenda su convicci\u00f3n de que la pol\u00edtica se construye en la calle, escuchando y acompa\u00f1ando a la gente, y no solo desde el escritorio.<\/p>\n","protected":false},"excerpt":{"rendered":"<p>Ciudad de Chihuahua.- En un ambiente de cercan\u00eda, convivencia y di\u00e1logo directo, la diputada por el Partido Acci\u00f3n Nacional (PAN), Nancy \u201cLa China\u201d Fr\u00edas, realiz\u00f3 el primer encuentro comunitario \u201cMenudo en tu Colonia\u201d en la colonia El Porvenir, donde m\u00e1s de 100 personas acudieron para compartir alimentos, expresar sus inquietudes y fortalecer el v\u00ednculo entre [&hellip;]<\/p>\n","protected":false},"author":1,"featured_media":88312,"comment_status":"closed","ping_status":"open","sticky":false,"template":"","format":"standard","meta":{"rop_custom_images_group":[],"rop_custom_messages_group":[],"rop_publish_now":"initial","rop_publish_now_accounts":[],"rop_publish_now_history":[],"rop_publish_now_status":"pending","footnotes":""},"categories":[67,72],"tags":[23],"class_list":["post-88311","post","type-post","status-publish","format-standard","has-post-thumbnail","hentry","category-ciudad","category-estado","tag-destacado"],"_links":{"self":[{"href":"https:\/\/notiissa.mx\/index.php?rest_route=\/wp\/v2\/posts\/88311","targetHints":{"allow":["GET"]}}],"collection":[{"href":"https:\/\/notiissa.mx\/index.php?rest_route=\/wp\/v2\/posts"}],"about":[{"href":"https:\/\/notiissa.mx\/index.php?rest_route=\/wp\/v2\/types\/post"}],"author":[{"embeddable":true,"href":"https:\/\/notiissa.mx\/index.php?rest_route=\/wp\/v2\/users\/1"}],"replies":[{"embeddable":true,"href":"https:\/\/notiissa.mx\/index.php?rest_route=%2Fwp%2Fv2%2Fcomments&post=88311"}],"version-history":[{"count":1,"href":"https:\/\/notiissa.mx\/index.php?rest_route=\/wp\/v2\/posts\/88311\/revisions"}],"predecessor-version":[{"id":88313,"href":"https:\/\/notiissa.mx\/index.php?rest_route=\/wp\/v2\/posts\/88311\/revisions\/88313"}],"wp:featuredmedia":[{"embeddable":true,"href":"https:\/\/notiissa.mx\/index.php?rest_route=\/wp\/v2\/media\/88312"}],"wp:attachment":[{"href":"https:\/\/notiissa.mx\/index.php?rest_route=%2Fwp%2Fv2%2Fmedia&parent=88311"}],"wp:term":[{"taxonomy":"category","embeddable":true,"href":"https:\/\/notiissa.mx\/index.php?rest_route=%2Fwp%2Fv2%2Fcategories&post=88311"},{"taxonomy":"post_tag","embeddable":true,"href":"https:\/\/notiissa.mx\/index.php?rest_route=%2Fwp%2Fv2%2Ftags&post=88311"}],"curies":[{"name":"wp","href":"https:\/\/api.w.org\/{rel}","templated":true}]}}