{"id":88236,"date":"2026-01-08T11:52:07","date_gmt":"2026-01-08T18:52:07","guid":{"rendered":"https:\/\/notiissa.mx\/?p=88236"},"modified":"2026-01-08T11:52:07","modified_gmt":"2026-01-08T18:52:07","slug":"se-amplia-el-periodo-de-inscripcion-y-reinscripcion-al-peua","status":"publish","type":"post","link":"https:\/\/notiissa.mx\/?p=88236","title":{"rendered":"Se ampl\u00eda el periodo de inscripci\u00f3n y reinscripci\u00f3n al PEUA"},"content":{"rendered":"<p><strong>Hasta el 28 de abril de 2026.<\/strong><\/p>\n<hr \/>\n<p><strong>*El objetivo es incentivar la regularizaci\u00f3n de las y los productores del pa\u00eds y garantizar el acceso al subsidio el\u00e9ctrico para agua de uso agr\u00edcola.<\/strong><\/p>\n<p><strong>\u00a0*Se reitera el llamado a las productoras y productores a acudir de manera oportuna a la ventanilla m\u00e1s cercana para realizar sus tr\u00e1mites, ya que no habr\u00e1 pr\u00f3rroga.<\/strong><\/p>\n<hr \/>\n<p>La Secretar\u00eda de Agricultura y Desarrollo Rural (AGRICULTURA), la Comisi\u00f3n Federal de Electricidad (CFE) y la Comisi\u00f3n Nacional del Agua (CONAGUA), informan que se ampl\u00eda el periodo de inscripci\u00f3n y reinscripci\u00f3n al Programa Especial de Energ\u00eda El\u00e9ctrica para el Campo en Materia de Energ\u00eda El\u00e9ctrica de Uso Agr\u00edcola (PEUA) hasta el 28 de abril de 2026.<\/p>\n<p>Esta medida se implementa de manera coordinada como parte del Decreto de Facilidades Administrativas emitido por la Presidenta Claudia Sheinbaum Pardo, publicado en el Diario Oficial de la Federaci\u00f3n (DOF) el 28 de octubre de 2025. Mediante el cual se promueve un periodo de seis meses para la regularizaci\u00f3n de t\u00edtulos vencidos de concesi\u00f3n y asignaci\u00f3n de aguas nacionales.<\/p>\n<p>Con esta acci\u00f3n, las y los productores pueden empatar el proceso de inscripci\u00f3n y reinscripci\u00f3n al PEUA 2026, regularizar su situaci\u00f3n administrativa y mantener el acceso a los beneficios del subsidio a la cuota energ\u00e9tica.<\/p>\n","protected":false},"excerpt":{"rendered":"<p>Hasta el 28 de abril de 2026. *El objetivo es incentivar la regularizaci\u00f3n de las y los productores del pa\u00eds y garantizar el acceso al subsidio el\u00e9ctrico para agua de uso agr\u00edcola. \u00a0*Se reitera el llamado a las productoras y productores a acudir de manera oportuna a la ventanilla m\u00e1s cercana para realizar sus tr\u00e1mites, [&hellip;]<\/p>\n","protected":false},"author":1,"featured_media":88237,"comment_status":"closed","ping_status":"open","sticky":false,"template":"","format":"standard","meta":{"rop_custom_images_group":[],"rop_custom_messages_group":[],"rop_publish_now":"initial","rop_publish_now_accounts":[],"rop_publish_now_history":[],"rop_publish_now_status":"pending","footnotes":""},"categories":[67,72],"tags":[],"class_list":["post-88236","post","type-post","status-publish","format-standard","has-post-thumbnail","hentry","category-ciudad","category-estado"],"_links":{"self":[{"href":"https:\/\/notiissa.mx\/index.php?rest_route=\/wp\/v2\/posts\/88236","targetHints":{"allow":["GET"]}}],"collection":[{"href":"https:\/\/notiissa.mx\/index.php?rest_route=\/wp\/v2\/posts"}],"about":[{"href":"https:\/\/notiissa.mx\/index.php?rest_route=\/wp\/v2\/types\/post"}],"author":[{"embeddable":true,"href":"https:\/\/notiissa.mx\/index.php?rest_route=\/wp\/v2\/users\/1"}],"replies":[{"embeddable":true,"href":"https:\/\/notiissa.mx\/index.php?rest_route=%2Fwp%2Fv2%2Fcomments&post=88236"}],"version-history":[{"count":1,"href":"https:\/\/notiissa.mx\/index.php?rest_route=\/wp\/v2\/posts\/88236\/revisions"}],"predecessor-version":[{"id":88238,"href":"https:\/\/notiissa.mx\/index.php?rest_route=\/wp\/v2\/posts\/88236\/revisions\/88238"}],"wp:featuredmedia":[{"embeddable":true,"href":"https:\/\/notiissa.mx\/index.php?rest_route=\/wp\/v2\/media\/88237"}],"wp:attachment":[{"href":"https:\/\/notiissa.mx\/index.php?rest_route=%2Fwp%2Fv2%2Fmedia&parent=88236"}],"wp:term":[{"taxonomy":"category","embeddable":true,"href":"https:\/\/notiissa.mx\/index.php?rest_route=%2Fwp%2Fv2%2Fcategories&post=88236"},{"taxonomy":"post_tag","embeddable":true,"href":"https:\/\/notiissa.mx\/index.php?rest_route=%2Fwp%2Fv2%2Ftags&post=88236"}],"curies":[{"name":"wp","href":"https:\/\/api.w.org\/{rel}","templated":true}]}}