{"id":88158,"date":"2026-01-05T16:22:27","date_gmt":"2026-01-05T23:22:27","guid":{"rendered":"https:\/\/notiissa.mx\/?p=88158"},"modified":"2026-01-05T16:22:27","modified_gmt":"2026-01-05T23:22:27","slug":"rechaza-diputado-promocion-de-la-violencia-en-gpe-y-calvo","status":"publish","type":"post","link":"https:\/\/notiissa.mx\/?p=88158","title":{"rendered":"Rechaza diputado promoci\u00f3n de la violencia en Gpe. y Calvo"},"content":{"rendered":"<p><strong>\u2022 Exige investigaci\u00f3n profunda sobre videos difundidos de funcionarias municipales disparando armas largas.<\/strong><\/p>\n<p><strong>\u2022 Reprueba la \u201cnegaci\u00f3n\u201d de la alcaldesa; \u201clas propias funcionarias difundieron los videos que hoy niegan\u201d.<\/strong><\/p>\n<p><strong>\u2022 Se solidariza con ciudadanos ante el abandono del gobierno municipal.<\/strong><\/p>\n<hr \/>\n<p><strong>Ciudad de Chihuahua.-<\/strong> Arturo Medina, coordinador de los diputados del PRI en el Congreso local y representante electo del Distrito 22, con cabecera en Guachochi \u2014al que pertenece el municipio de Guadalupe y Calvo\u2014, calific\u00f3 como vergonzosos los actos difundidos a trav\u00e9s de redes sociales, en los que funcionarias del gobierno municipal encabezado por Ana Laura Gonz\u00e1lez aparecen disparando armas largas, realizando tiros al aire de manera irresponsable e ilegal.<\/p>\n<p>El coordinador legislativo se\u00f1al\u00f3 que resulta preocupante y sumamente peligroso que desde el propio gobierno municipal se promueva la violencia que ha mantenido a la regi\u00f3n sumida en el miedo y la zozobra durante meses.<\/p>\n<p>\u201cEs inadmisible que funcionarias al servicio de la alcaldesa Ana Laura Gonz\u00e1lez sean quienes promuevan la normalizaci\u00f3n del uso ilegal de armas y contribuyan al crecimiento de la sombra de terror que viven las familias ante el crimen\u201d, indic\u00f3.<\/p>\n<p>Por otro lado, se\u00f1al\u00f3 que la actitud de la alcaldesa resulta indignante, toda vez que la funcionaria emiti\u00f3 una declaraci\u00f3n negando la realidad mostrada en los videos, pese a que fueron sus propias colaboradoras quienes presumieron los hechos a trav\u00e9s de redes sociales.<\/p>\n<p>El priista llam\u00f3 a la alcaldesa a no intentar enga\u00f1ar a la ciudadan\u00eda y a que, en su lugar, ofrezca una disculpa p\u00fablica, opere la destituci\u00f3n de las funcionarias involucradas y sea ella misma quien solicite una investigaci\u00f3n sobre los hechos. \u201cEn lugar de darle la cara a la gente, intenta burlarse con una negaci\u00f3n hip\u00f3crita de lo indefendible\u201d, enfatiz\u00f3.<\/p>\n<p>Medina indic\u00f3 que la alcaldesa da muestras de incapacidad para gobernar, y que su actuar deja abierta la duda sobre si est\u00e1 del lado de la violencia o de las familias a las que deber\u00eda servir.<\/p>\n<p>El legislador pidi\u00f3 a la Fiscal\u00eda General del Estado investigar los hechos y, al mismo tiempo, anunci\u00f3 que eval\u00faa solicitar la intervenci\u00f3n de la Fiscal\u00eda Anticorrupci\u00f3n y de la Secretar\u00eda de la Funci\u00f3n P\u00fablica, a fin de que se revise el desempe\u00f1o y la legalidad con los que opera la alcaldesa, pues \u2014seg\u00fan se\u00f1alan los propios pobladores\u2014 Ana Laura Gonz\u00e1lez ni siquiera reside en el municipio, lo que podr\u00eda significar una desatenci\u00f3n de las funciones para las que fue electa y por las que el pueblo de Guadalupe y Calvo le paga.<\/p>\n<p>La ausencia de la alcaldesa ha sido incluso denunciada por el senador de Morena, Juan Carlos Loera de la Rosa.<\/p>\n<p>Finalmente, Medina expres\u00f3 su solidaridad con las familias de Guadalupe y Calvo, pues \u2014dijo\u2014 \u201cno merecen el abandono en el que los tiene su alcaldesa, y mucho menos que desde su gobierno se promueva la violencia que los mantiene en la desesperanza\u201d.<\/p>\n","protected":false},"excerpt":{"rendered":"<p>\u2022 Exige investigaci\u00f3n profunda sobre videos difundidos de funcionarias municipales disparando armas largas. \u2022 Reprueba la \u201cnegaci\u00f3n\u201d de la alcaldesa; \u201clas propias funcionarias difundieron los videos que hoy niegan\u201d. \u2022 Se solidariza con ciudadanos ante el abandono del gobierno municipal. Ciudad de Chihuahua.- Arturo Medina, coordinador de los diputados del PRI en el Congreso local [&hellip;]<\/p>\n","protected":false},"author":1,"featured_media":88159,"comment_status":"closed","ping_status":"open","sticky":false,"template":"","format":"standard","meta":{"rop_custom_images_group":[],"rop_custom_messages_group":[],"rop_publish_now":"initial","rop_publish_now_accounts":[],"rop_publish_now_history":[],"rop_publish_now_status":"pending","footnotes":""},"categories":[67,72],"tags":[23],"class_list":["post-88158","post","type-post","status-publish","format-standard","has-post-thumbnail","hentry","category-ciudad","category-estado","tag-destacado"],"_links":{"self":[{"href":"https:\/\/notiissa.mx\/index.php?rest_route=\/wp\/v2\/posts\/88158","targetHints":{"allow":["GET"]}}],"collection":[{"href":"https:\/\/notiissa.mx\/index.php?rest_route=\/wp\/v2\/posts"}],"about":[{"href":"https:\/\/notiissa.mx\/index.php?rest_route=\/wp\/v2\/types\/post"}],"author":[{"embeddable":true,"href":"https:\/\/notiissa.mx\/index.php?rest_route=\/wp\/v2\/users\/1"}],"replies":[{"embeddable":true,"href":"https:\/\/notiissa.mx\/index.php?rest_route=%2Fwp%2Fv2%2Fcomments&post=88158"}],"version-history":[{"count":1,"href":"https:\/\/notiissa.mx\/index.php?rest_route=\/wp\/v2\/posts\/88158\/revisions"}],"predecessor-version":[{"id":88160,"href":"https:\/\/notiissa.mx\/index.php?rest_route=\/wp\/v2\/posts\/88158\/revisions\/88160"}],"wp:featuredmedia":[{"embeddable":true,"href":"https:\/\/notiissa.mx\/index.php?rest_route=\/wp\/v2\/media\/88159"}],"wp:attachment":[{"href":"https:\/\/notiissa.mx\/index.php?rest_route=%2Fwp%2Fv2%2Fmedia&parent=88158"}],"wp:term":[{"taxonomy":"category","embeddable":true,"href":"https:\/\/notiissa.mx\/index.php?rest_route=%2Fwp%2Fv2%2Fcategories&post=88158"},{"taxonomy":"post_tag","embeddable":true,"href":"https:\/\/notiissa.mx\/index.php?rest_route=%2Fwp%2Fv2%2Ftags&post=88158"}],"curies":[{"name":"wp","href":"https:\/\/api.w.org\/{rel}","templated":true}]}}