{"id":88110,"date":"2026-01-03T17:03:29","date_gmt":"2026-01-04T00:03:29","guid":{"rendered":"https:\/\/notiissa.mx\/?p=88110"},"modified":"2026-01-03T17:03:29","modified_gmt":"2026-01-04T00:03:29","slug":"incremento-al-salario-minimo-fortalece-a-familias-trabajadoras","status":"publish","type":"post","link":"https:\/\/notiissa.mx\/?p=88110","title":{"rendered":"Incremento al salario m\u00ednimo fortalece a familias trabajadoras"},"content":{"rendered":"<p><strong>Ciudad Ju\u00e1rez, Chihuahua.-<\/strong> Celebran ciudadanos la entrada en vigor del incremento al salario m\u00ednimo, al considerar que representa un avance concreto en la dignificaci\u00f3n del trabajo y el bienestar de las familias mexicanas.<\/p>\n<p>El aumento del 13 por ciento al salario m\u00ednimo general y del 5 por ciento en la Zona Libre de la Frontera Norte forma parte de la pol\u00edtica de recuperaci\u00f3n salarial iniciada en 2018, la cual ha permitido mejorar el poder adquisitivo y contribuir a que millones de personas salieran de la pobreza.<\/p>\n<p>La Presidenta Claudia Sheinbaum Pardo, se\u00f1al\u00f3, que el salario m\u00ednimo debe alcanzar para cubrir las necesidades b\u00e1sicas de las personas trabajadoras.<\/p>\n","protected":false},"excerpt":{"rendered":"<p>Ciudad Ju\u00e1rez, Chihuahua.- Celebran ciudadanos la entrada en vigor del incremento al salario m\u00ednimo, al considerar que representa un avance concreto en la dignificaci\u00f3n del trabajo y el bienestar de las familias mexicanas. El aumento del 13 por ciento al salario m\u00ednimo general y del 5 por ciento en la Zona Libre de la Frontera [&hellip;]<\/p>\n","protected":false},"author":1,"featured_media":88111,"comment_status":"closed","ping_status":"open","sticky":false,"template":"","format":"standard","meta":{"rop_custom_images_group":[],"rop_custom_messages_group":[],"rop_publish_now":"initial","rop_publish_now_accounts":[],"rop_publish_now_history":[],"rop_publish_now_status":"pending","footnotes":""},"categories":[67,72],"tags":[23],"class_list":["post-88110","post","type-post","status-publish","format-standard","has-post-thumbnail","hentry","category-ciudad","category-estado","tag-destacado"],"_links":{"self":[{"href":"https:\/\/notiissa.mx\/index.php?rest_route=\/wp\/v2\/posts\/88110","targetHints":{"allow":["GET"]}}],"collection":[{"href":"https:\/\/notiissa.mx\/index.php?rest_route=\/wp\/v2\/posts"}],"about":[{"href":"https:\/\/notiissa.mx\/index.php?rest_route=\/wp\/v2\/types\/post"}],"author":[{"embeddable":true,"href":"https:\/\/notiissa.mx\/index.php?rest_route=\/wp\/v2\/users\/1"}],"replies":[{"embeddable":true,"href":"https:\/\/notiissa.mx\/index.php?rest_route=%2Fwp%2Fv2%2Fcomments&post=88110"}],"version-history":[{"count":1,"href":"https:\/\/notiissa.mx\/index.php?rest_route=\/wp\/v2\/posts\/88110\/revisions"}],"predecessor-version":[{"id":88112,"href":"https:\/\/notiissa.mx\/index.php?rest_route=\/wp\/v2\/posts\/88110\/revisions\/88112"}],"wp:featuredmedia":[{"embeddable":true,"href":"https:\/\/notiissa.mx\/index.php?rest_route=\/wp\/v2\/media\/88111"}],"wp:attachment":[{"href":"https:\/\/notiissa.mx\/index.php?rest_route=%2Fwp%2Fv2%2Fmedia&parent=88110"}],"wp:term":[{"taxonomy":"category","embeddable":true,"href":"https:\/\/notiissa.mx\/index.php?rest_route=%2Fwp%2Fv2%2Fcategories&post=88110"},{"taxonomy":"post_tag","embeddable":true,"href":"https:\/\/notiissa.mx\/index.php?rest_route=%2Fwp%2Fv2%2Ftags&post=88110"}],"curies":[{"name":"wp","href":"https:\/\/api.w.org\/{rel}","templated":true}]}}