{"id":87306,"date":"2025-12-06T08:23:04","date_gmt":"2025-12-06T15:23:04","guid":{"rendered":"https:\/\/notiissa.mx\/?p=87306"},"modified":"2025-12-06T08:23:04","modified_gmt":"2025-12-06T15:23:04","slug":"pide-diputada-dotar-de-transporte-a-personas-con-discapacidad","status":"publish","type":"post","link":"https:\/\/notiissa.mx\/?p=87306","title":{"rendered":"Pide diputada dotar de transporte a personas con discapacidad"},"content":{"rendered":"<p><strong>-El gobierno estatal tiene una deuda con personas con discapacidad.<\/strong><\/p>\n<p>&nbsp;<\/p>\n<hr \/>\n<p><strong>Ciudad de Chihuahua.-<\/strong> Magdalena Renter\u00eda P\u00e9rez diputada integrante del Grupo Parlamentario de morena llevo un exhorto al Gobierno estatal a que considere habilitar los camiones que anteriormente prestaban servicio en la ruta troncal del \u00abBowi\u00bb para destinarlos al transporte de personas con discapacidad, o bien para donarlos a los Centros Regionales de Educaci\u00f3n Integral (CREI) del estado.<\/p>\n<p>Expuso que se trata de 15 camiones ANKAI modelo 2020 que tuvieron un costo de 52 millones 241,162 pesos, por lo que es razonable aprovechar plenamente su valor en beneficio de la movilidad de personas con discapacidad.<\/p>\n<p>\u2018El Gobierno de Chihuahua mantiene una deuda pol\u00edtica y social con las personas con discapacidad\u2019 record\u00f3 la legisladora a tiempo que retomo que el pasado 21 de octubre se propuso un exhort\u00f3 al Ejecutivo del Estado de Chihuahua a informar a este Congreso sobre el destino de las unidades que dejaron de utilizarse en la ciudad de Chihuahua, as\u00ed como sobre las acciones concretas para mejorar el servicio de transporte en las colonias de Ciudad Ju\u00e1rez.<\/p>\n<p>\u2018Lo que hoy proponemos es que las unidades que sean t\u00e9cnicamente viables se rehabiliten y adapten para su uso como transporte para personas con discapacidad\u2019, sin embargo denunci\u00f3 la legisladora que el Secretario General de Gobierno declar\u00f3 p\u00fablicamente la posibilidad de donar los camiones retirados a instituciones p\u00fablicas, como la Defensor\u00eda P\u00fablica en Ciudad Ju\u00e1rez. \u2018\u00bfPor qu\u00e9 no para las personas con discapacidad?\u2019, cuestion\u00f3 la congresista por morena.<\/p>\n<p>Ya que los camiones reci\u00e9n retirados de las avenidas de la capital cuentan con adecuaciones pertinentes como rampas de accesibilidad, sistemas de pistones y espacio para sillas de ruedas, pero s\u00ed expertos determinan que la modificaci\u00f3n es excesivamente costosa, existe una alternativa econ\u00f3mica: la donaci\u00f3n de los buses a comunidades rurales, particularmente a los CREI, los cuales frecuentemente enfrentan dificultades para transportar a su alumnado.<\/p>\n<p>Debido, concluy\u00f3 la diputada Magdalena Renter\u00eda en su exhorto, que la propia Ley de Transporte del Estado de Chihuahua, se\u00f1ala como principio rector la Accesibilidad Universal, entendida como el derecho de toda persona a contar con sistemas de movilidad adecuados a sus necesidades particulares y sociales.<\/p>\n","protected":false},"excerpt":{"rendered":"<p>-El gobierno estatal tiene una deuda con personas con discapacidad. &nbsp; Ciudad de Chihuahua.- Magdalena Renter\u00eda P\u00e9rez diputada integrante del Grupo Parlamentario de morena llevo un exhorto al Gobierno estatal a que considere habilitar los camiones que anteriormente prestaban servicio en la ruta troncal del \u00abBowi\u00bb para destinarlos al transporte de personas con discapacidad, o [&hellip;]<\/p>\n","protected":false},"author":1,"featured_media":87307,"comment_status":"closed","ping_status":"open","sticky":false,"template":"","format":"standard","meta":{"rop_custom_images_group":[],"rop_custom_messages_group":[],"rop_publish_now":"initial","rop_publish_now_accounts":[],"rop_publish_now_history":[],"rop_publish_now_status":"pending","footnotes":""},"categories":[67,72],"tags":[23],"class_list":["post-87306","post","type-post","status-publish","format-standard","has-post-thumbnail","hentry","category-ciudad","category-estado","tag-destacado"],"_links":{"self":[{"href":"https:\/\/notiissa.mx\/index.php?rest_route=\/wp\/v2\/posts\/87306","targetHints":{"allow":["GET"]}}],"collection":[{"href":"https:\/\/notiissa.mx\/index.php?rest_route=\/wp\/v2\/posts"}],"about":[{"href":"https:\/\/notiissa.mx\/index.php?rest_route=\/wp\/v2\/types\/post"}],"author":[{"embeddable":true,"href":"https:\/\/notiissa.mx\/index.php?rest_route=\/wp\/v2\/users\/1"}],"replies":[{"embeddable":true,"href":"https:\/\/notiissa.mx\/index.php?rest_route=%2Fwp%2Fv2%2Fcomments&post=87306"}],"version-history":[{"count":1,"href":"https:\/\/notiissa.mx\/index.php?rest_route=\/wp\/v2\/posts\/87306\/revisions"}],"predecessor-version":[{"id":87308,"href":"https:\/\/notiissa.mx\/index.php?rest_route=\/wp\/v2\/posts\/87306\/revisions\/87308"}],"wp:featuredmedia":[{"embeddable":true,"href":"https:\/\/notiissa.mx\/index.php?rest_route=\/wp\/v2\/media\/87307"}],"wp:attachment":[{"href":"https:\/\/notiissa.mx\/index.php?rest_route=%2Fwp%2Fv2%2Fmedia&parent=87306"}],"wp:term":[{"taxonomy":"category","embeddable":true,"href":"https:\/\/notiissa.mx\/index.php?rest_route=%2Fwp%2Fv2%2Fcategories&post=87306"},{"taxonomy":"post_tag","embeddable":true,"href":"https:\/\/notiissa.mx\/index.php?rest_route=%2Fwp%2Fv2%2Ftags&post=87306"}],"curies":[{"name":"wp","href":"https:\/\/api.w.org\/{rel}","templated":true}]}}