{"id":87300,"date":"2025-12-06T07:45:51","date_gmt":"2025-12-06T14:45:51","guid":{"rendered":"https:\/\/notiissa.mx\/?p=87300"},"modified":"2025-12-06T07:45:51","modified_gmt":"2025-12-06T14:45:51","slug":"recreaton-y-deporte-adaptado-impulsa-inclusion-en-la-fccf-uach","status":"publish","type":"post","link":"https:\/\/notiissa.mx\/?p=87300","title":{"rendered":"Recreat\u00f3n y Deporte Adaptado impulsa inclusi\u00f3n en la FCCF-UACH"},"content":{"rendered":"<p><strong>Por Jos\u00e9 Luis Barraza Infante.<\/strong><\/p>\n<hr \/>\n<p><strong>Ciudad de Chihuahua.-<\/strong> La Facultad de Ciencias de la Cultura F\u00edsica de la Universidad Aut\u00f3noma de Chihuahua celebr\u00f3 recientemente el Recreat\u00f3n y Exhibici\u00f3n de Deporte Adaptado, en una jornada formativa y de convivencia que busca impulsar la inclusi\u00f3n, el respeto a la diversidad y la participaci\u00f3n activa de personas con discapacidad dentro de la comunidad universitaria y de la sociedad chihuahuense.<\/p>\n<p>El encuentro, que cont\u00f3 con cerca de un centenar de participantes, tuvo lugar en las instalaciones de la FCCF en el Campus Universitario II, como parte del compromiso institucional por fortalecer espacios accesibles y promover una cultura de integraci\u00f3n social desde el deporte y la recreaci\u00f3n, en congruencia con los lineamientos de la propia FCCF que es dirigida por el Dr. Carlos Javier Ortiz Rodr\u00edguez.<\/p>\n<p>La organizaci\u00f3n corri\u00f3 a cargo de los estudiantes del sexto semestre de las materias en Recreaci\u00f3n para Grupos en Riesgo y Actividad F\u00edsica para Discapacidad de la Licenciatura en Motricidad Humana, bajo la coordinaci\u00f3n de la Dra. Mar\u00eda de los \u00c1ngeles Bibiano Mej\u00eda, con la colaboraci\u00f3n del Dr. David Arnoldo Garc\u00eda Fern\u00e1ndez y el apoyo de la M.C. Georgina Ortega Contreras, responsable de la brigada de primeros auxilios.<\/p>\n<p>Se presentaron actividades recreativas y deportivas dise\u00f1adas para favorecer el desarrollo f\u00edsico, emocional y social de los asistentes, a trav\u00e9s de un programa que incluy\u00f3 bailes y din\u00e1micas recreativas.<br \/>\nLos participantes fueron j\u00f3venes del COBACH 3 y de Concertinos: Centro de atenci\u00f3n a personas con diversidad funcional, quienes demostraron habilidades y actitudes en trabajo colectivo durante las actividades recreativas y deporte adaptado, como bochas, b\u00e1squetbol en silla de ruedas, voleibol sentado y goalball.<\/p>\n","protected":false},"excerpt":{"rendered":"<p>Por Jos\u00e9 Luis Barraza Infante. Ciudad de Chihuahua.- La Facultad de Ciencias de la Cultura F\u00edsica de la Universidad Aut\u00f3noma de Chihuahua celebr\u00f3 recientemente el Recreat\u00f3n y Exhibici\u00f3n de Deporte Adaptado, en una jornada formativa y de convivencia que busca impulsar la inclusi\u00f3n, el respeto a la diversidad y la participaci\u00f3n activa de personas con [&hellip;]<\/p>\n","protected":false},"author":1,"featured_media":87301,"comment_status":"closed","ping_status":"open","sticky":false,"template":"","format":"standard","meta":{"rop_custom_images_group":[],"rop_custom_messages_group":[],"rop_publish_now":"initial","rop_publish_now_accounts":[],"rop_publish_now_history":[],"rop_publish_now_status":"pending","footnotes":""},"categories":[67,64,72],"tags":[23],"class_list":["post-87300","post","type-post","status-publish","format-standard","has-post-thumbnail","hentry","category-ciudad","category-educacion","category-estado","tag-destacado"],"_links":{"self":[{"href":"https:\/\/notiissa.mx\/index.php?rest_route=\/wp\/v2\/posts\/87300","targetHints":{"allow":["GET"]}}],"collection":[{"href":"https:\/\/notiissa.mx\/index.php?rest_route=\/wp\/v2\/posts"}],"about":[{"href":"https:\/\/notiissa.mx\/index.php?rest_route=\/wp\/v2\/types\/post"}],"author":[{"embeddable":true,"href":"https:\/\/notiissa.mx\/index.php?rest_route=\/wp\/v2\/users\/1"}],"replies":[{"embeddable":true,"href":"https:\/\/notiissa.mx\/index.php?rest_route=%2Fwp%2Fv2%2Fcomments&post=87300"}],"version-history":[{"count":1,"href":"https:\/\/notiissa.mx\/index.php?rest_route=\/wp\/v2\/posts\/87300\/revisions"}],"predecessor-version":[{"id":87302,"href":"https:\/\/notiissa.mx\/index.php?rest_route=\/wp\/v2\/posts\/87300\/revisions\/87302"}],"wp:featuredmedia":[{"embeddable":true,"href":"https:\/\/notiissa.mx\/index.php?rest_route=\/wp\/v2\/media\/87301"}],"wp:attachment":[{"href":"https:\/\/notiissa.mx\/index.php?rest_route=%2Fwp%2Fv2%2Fmedia&parent=87300"}],"wp:term":[{"taxonomy":"category","embeddable":true,"href":"https:\/\/notiissa.mx\/index.php?rest_route=%2Fwp%2Fv2%2Fcategories&post=87300"},{"taxonomy":"post_tag","embeddable":true,"href":"https:\/\/notiissa.mx\/index.php?rest_route=%2Fwp%2Fv2%2Ftags&post=87300"}],"curies":[{"name":"wp","href":"https:\/\/api.w.org\/{rel}","templated":true}]}}