{"id":86593,"date":"2025-11-15T17:44:34","date_gmt":"2025-11-16T00:44:34","guid":{"rendered":"https:\/\/notiissa.mx\/?p=86593"},"modified":"2025-11-15T17:44:34","modified_gmt":"2025-11-16T00:44:34","slug":"sheinbaum-no-a-la-violencia","status":"publish","type":"post","link":"https:\/\/notiissa.mx\/?p=86593","title":{"rendered":"Sheinbaum: \u00abNo a la violencia\u00bb"},"content":{"rendered":"<h1 class=\"HeadLine-root HeadLine-type_2 \">Denuncia la violencia en la marcha de la generaci\u00f3n Z en M\u00e9xico.<\/h1>\n<hr \/>\n<p><strong>La presidenta de M\u00e9xico llam\u00f3 a manifestarse de manera pac\u00edfica.<\/strong><\/p>\n<p>Claudia Sheinbaum, conden\u00f3 este s\u00e1bado la violencia durante la masiva marcha de la generaci\u00f3n Z, que tuvo lugar en Ciudad de M\u00e9xico.<\/p>\n<blockquote><p><strong>Decimos no a la violencia.\u00a0<\/strong>Si uno no est\u00e1 de acuerdo, <strong>hay que manifestarse de manera pac\u00edfica<\/strong>. Nunca debe utilizarse la violencia para lograr cambios; siempre por la v\u00eda pac\u00edfica.<\/p>\n<hr \/>\n<h3>Marcha de la generaci\u00f3n Z<\/h3>\n<ul>\n<li>Este s\u00e1bado, la Ciudad de M\u00e9xico fue escenario de <strong>una masiva manifestaci\u00f3n<\/strong> convocada por la generaci\u00f3n Z en respuesta al asesinato de Carlos Meza, alcalde de Uruapan, present\u00e1ndose como una movilizaci\u00f3n \u00abjuvenil.\u00bb<\/li>\n<li>Bajo la simbolog\u00eda del anime &#8216;One Piece&#8217;, los j\u00f3venes manifestantes alzaron la voz para exigir <strong>mayor seguridad y mejores oportunidades<\/strong> como principal reclamo de la protesta.<\/li>\n<li>Durante la manifestaci\u00f3n, el clima de tensi\u00f3n escal\u00f3 cuando algunos manifestantes lograron forzar una de las barreras de seguridad y acceder a la zona restringida del Palacio Nacional.<\/li>\n<li>Como medida para contener la intrusi\u00f3n y proteger el per\u00edmetro del Palacio Nacional, cuerpos de polic\u00eda federal y de la capital respondieron lanzando <strong>gases<\/strong> contra los j\u00f3venes que intentaban acercarse al edificio<strong><em>.<\/em><\/strong><\/li>\n<\/ul>\n<h3>La respuesta del Gobierno<\/h3>\n<p>Previo a la movilizaci\u00f3n, la presidenta Claudia Sheinbaum cuestion\u00f3 el origen del movimiento. Afirm\u00f3 que la convocatoria estuvo orquestada mediante una <strong>campa\u00f1a digital en redes sociales, impulsada por opositores locales<\/strong> y organizaciones de la derecha internacional, se\u00f1alando el uso de al menos ocho millones de &#8216;bots&#8217; (cuentas falsas) y una campa\u00f1a digital valorada en unos 90 millones de pesos (aproximadamente 4,9 millones de d\u00f3lares).<\/p>\n<p>Sheinbaum insisti\u00f3 en que muchos de los participantes carec\u00edan de un v\u00ednculo aut\u00e9ntico con las demandas de la generaci\u00f3n Z, y respond\u00edan, en cambio, a una <strong>agenda promovida desde el extranjero<\/strong> en contra de su Administraci\u00f3n. Pese a reafirmar su compromiso con la libertad de expresi\u00f3n y la de manifestaci\u00f3n, advirti\u00f3 sobre la necesidad de esclarecer p\u00fablicamente \u00abqui\u00e9n est\u00e1 promoviendo la manifestaci\u00f3n\u00bb para evitar que \u00abutilicen a nadie\u00bb.<\/p>\n<p><strong>RT<\/strong>.<\/p><\/blockquote>\n","protected":false},"excerpt":{"rendered":"<p>Denuncia la violencia en la marcha de la generaci\u00f3n Z en M\u00e9xico. La presidenta de M\u00e9xico llam\u00f3 a manifestarse de manera pac\u00edfica. Claudia Sheinbaum, conden\u00f3 este s\u00e1bado la violencia durante la masiva marcha de la generaci\u00f3n Z, que tuvo lugar en Ciudad de M\u00e9xico. Decimos no a la violencia.\u00a0Si uno no est\u00e1 de acuerdo, hay [&hellip;]<\/p>\n","protected":false},"author":1,"featured_media":86594,"comment_status":"closed","ping_status":"open","sticky":false,"template":"","format":"standard","meta":{"rop_custom_images_group":[],"rop_custom_messages_group":[],"rop_publish_now":"initial","rop_publish_now_accounts":[],"rop_publish_now_history":[],"rop_publish_now_status":"pending","footnotes":""},"categories":[67,72],"tags":[23],"class_list":["post-86593","post","type-post","status-publish","format-standard","has-post-thumbnail","hentry","category-ciudad","category-estado","tag-destacado"],"_links":{"self":[{"href":"https:\/\/notiissa.mx\/index.php?rest_route=\/wp\/v2\/posts\/86593","targetHints":{"allow":["GET"]}}],"collection":[{"href":"https:\/\/notiissa.mx\/index.php?rest_route=\/wp\/v2\/posts"}],"about":[{"href":"https:\/\/notiissa.mx\/index.php?rest_route=\/wp\/v2\/types\/post"}],"author":[{"embeddable":true,"href":"https:\/\/notiissa.mx\/index.php?rest_route=\/wp\/v2\/users\/1"}],"replies":[{"embeddable":true,"href":"https:\/\/notiissa.mx\/index.php?rest_route=%2Fwp%2Fv2%2Fcomments&post=86593"}],"version-history":[{"count":1,"href":"https:\/\/notiissa.mx\/index.php?rest_route=\/wp\/v2\/posts\/86593\/revisions"}],"predecessor-version":[{"id":86595,"href":"https:\/\/notiissa.mx\/index.php?rest_route=\/wp\/v2\/posts\/86593\/revisions\/86595"}],"wp:featuredmedia":[{"embeddable":true,"href":"https:\/\/notiissa.mx\/index.php?rest_route=\/wp\/v2\/media\/86594"}],"wp:attachment":[{"href":"https:\/\/notiissa.mx\/index.php?rest_route=%2Fwp%2Fv2%2Fmedia&parent=86593"}],"wp:term":[{"taxonomy":"category","embeddable":true,"href":"https:\/\/notiissa.mx\/index.php?rest_route=%2Fwp%2Fv2%2Fcategories&post=86593"},{"taxonomy":"post_tag","embeddable":true,"href":"https:\/\/notiissa.mx\/index.php?rest_route=%2Fwp%2Fv2%2Ftags&post=86593"}],"curies":[{"name":"wp","href":"https:\/\/api.w.org\/{rel}","templated":true}]}}