{"id":86573,"date":"2025-11-14T14:11:39","date_gmt":"2025-11-14T21:11:39","guid":{"rendered":"https:\/\/notiissa.mx\/?p=86573"},"modified":"2025-11-14T14:11:39","modified_gmt":"2025-11-14T21:11:39","slug":"maru-llama-a-mantener-instituciones-libres-y-soberanas","status":"publish","type":"post","link":"https:\/\/notiissa.mx\/?p=86573","title":{"rendered":"Maru llama a mantener instituciones libres y soberanas"},"content":{"rendered":"<p><strong>&#8211; Al encabezar en el poblado de Cuchillo Parado la sesi\u00f3n solemne del Congreso del Estado para conmemorar el 115 aniversario del Inicio del movimiento que dio origen a la Revoluci\u00f3n Mexicana.<\/strong><\/p>\n<p><strong>Chihuahua.-<\/strong> La gobernadora Maru Campos llam\u00f3 a las y los chihuahuenses a mantener las instituciones libres y soberanas, y a alejarlas del centralismo y la concentraci\u00f3n de poder: \u201cAqu\u00ed sabemos qu\u00e9 rumbo tomar; no necesitamos decisiones de fuera\u201d, afirm\u00f3.<\/p>\n<p>Al tomar la palabra durante la Sesi\u00f3n Solemne del Congreso del Estado que se llev\u00f3 a cabo en el poblado de Cuchillo Parado, municipio de Coyame del Sotol, para conmemorar el 115 Aniversario del Inicio de la Revoluci\u00f3n Mexicana, dijo que las instituciones importan de verdad.<\/p>\n<p>\u201cAs\u00ed como nuestros antepasado se lanzaron contra la opresi\u00f3n, hoy nos toca a nosotros levantar la voz frente a cualquier forma de sometimiento, de concentraci\u00f3n de poder que pretenda arrebatarnos la posibilidad de decidir nuestro propio destino\u201d, expuso ante el Pleno.<\/p>\n<p>Durante la ceremonia se cont\u00f3 adem\u00e1s con la presencia del diputado presidente del poder Legislativo, Guillermo Ram\u00edrez Guti\u00e9rrez y de la presidenta del Tribunal Superior de Justicia del Estado, Marcela Herrera Sandoval.<\/p>\n<p>La mandataria precis\u00f3 que la libertad no es un regalo del pasado, sino una tarea permanente del presente que no basta con haberla conquistado una vez: \u201cHay que defenderla todos los d\u00edas, porque es un bien que puede perderse en medio del silencio y la omisi\u00f3n\u201d.<\/p>\n<p>En las instalaciones del Sal\u00f3n de Usos M\u00faltiples de la localidad, Maru Campos mencion\u00f3 que esa voz que se alza y que hoy les convoca, tiene un cimiento moral en el honor de los revolucionarios.<\/p>\n<p>\u201cEl honor no se mide por la fama ni por el aplauso, sino por la coherencia entre el discurso y la acci\u00f3n. El honor es esa fuerza interior que nos recuerda que lo correcto no siempre es lo m\u00e1s f\u00e1cil, pero siempre es lo m\u00e1s digno\u201d, expres\u00f3<\/p>\n<p>Record\u00f3 que los hombres y mujeres de la Revoluci\u00f3n no buscaron la comodidad del silencio, sino la exigencia del deber; no persiguieron privilegios, sino justicia y que su ejemplo es muestra de que defender a la patria, tambi\u00e9n significa cumplir con la palabra dada, trabajar con honestidad y mantenerse firmes cuando las circunstancias se vuelven dif\u00edciles.<\/p>\n<p>\u201cAs\u00ed pues, la mejor y tal vez la \u00fanica manera de hacer memoria de la valent\u00eda de los chihuahuenses del pasado, es a trav\u00e9s del respeto a las instituciones que resultaron de su lucha\u201d, sostuvo la titular del Ejecutivo.<\/p>\n<p>Reconoci\u00f3 a las y los descendientes de los veteranos de la Revoluci\u00f3n, por inspirar y contagiar de energ\u00eda, \u201cNos recuerdan que siempre vale la pena seguir luchando por las buenas causas\u201d, concluy\u00f3.<\/p>\n<p>El diputado por el distrito 11, Ismael P\u00e9rez Pav\u00eda, al participar en la Sesi\u00f3n destac\u00f3 que en Cuchillo Parado naci\u00f3 la esperanza de cambiar el destino de una naci\u00f3n, con una lucha hecha por hombres de carne y hueso.<\/p>\n<p>Al t\u00e9rmino de la Sesi\u00f3n, la gobernadora acompa\u00f1ada de los titulares de los poderes Legislativo y Judicial, particip\u00f3 en una Guardia en honor al general Toribio Ortega, quien llam\u00f3 al pueblo a las armas el 14 de noviembre de 1910.<\/p>\n","protected":false},"excerpt":{"rendered":"<p>&#8211; Al encabezar en el poblado de Cuchillo Parado la sesi\u00f3n solemne del Congreso del Estado para conmemorar el 115 aniversario del Inicio del movimiento que dio origen a la Revoluci\u00f3n Mexicana. Chihuahua.- La gobernadora Maru Campos llam\u00f3 a las y los chihuahuenses a mantener las instituciones libres y soberanas, y a alejarlas del centralismo [&hellip;]<\/p>\n","protected":false},"author":1,"featured_media":86574,"comment_status":"closed","ping_status":"open","sticky":false,"template":"","format":"standard","meta":{"rop_custom_images_group":[],"rop_custom_messages_group":[],"rop_publish_now":"initial","rop_publish_now_accounts":[],"rop_publish_now_history":[],"rop_publish_now_status":"pending","footnotes":""},"categories":[67,72],"tags":[],"class_list":["post-86573","post","type-post","status-publish","format-standard","has-post-thumbnail","hentry","category-ciudad","category-estado"],"_links":{"self":[{"href":"https:\/\/notiissa.mx\/index.php?rest_route=\/wp\/v2\/posts\/86573","targetHints":{"allow":["GET"]}}],"collection":[{"href":"https:\/\/notiissa.mx\/index.php?rest_route=\/wp\/v2\/posts"}],"about":[{"href":"https:\/\/notiissa.mx\/index.php?rest_route=\/wp\/v2\/types\/post"}],"author":[{"embeddable":true,"href":"https:\/\/notiissa.mx\/index.php?rest_route=\/wp\/v2\/users\/1"}],"replies":[{"embeddable":true,"href":"https:\/\/notiissa.mx\/index.php?rest_route=%2Fwp%2Fv2%2Fcomments&post=86573"}],"version-history":[{"count":1,"href":"https:\/\/notiissa.mx\/index.php?rest_route=\/wp\/v2\/posts\/86573\/revisions"}],"predecessor-version":[{"id":86575,"href":"https:\/\/notiissa.mx\/index.php?rest_route=\/wp\/v2\/posts\/86573\/revisions\/86575"}],"wp:featuredmedia":[{"embeddable":true,"href":"https:\/\/notiissa.mx\/index.php?rest_route=\/wp\/v2\/media\/86574"}],"wp:attachment":[{"href":"https:\/\/notiissa.mx\/index.php?rest_route=%2Fwp%2Fv2%2Fmedia&parent=86573"}],"wp:term":[{"taxonomy":"category","embeddable":true,"href":"https:\/\/notiissa.mx\/index.php?rest_route=%2Fwp%2Fv2%2Fcategories&post=86573"},{"taxonomy":"post_tag","embeddable":true,"href":"https:\/\/notiissa.mx\/index.php?rest_route=%2Fwp%2Fv2%2Ftags&post=86573"}],"curies":[{"name":"wp","href":"https:\/\/api.w.org\/{rel}","templated":true}]}}