{"id":86493,"date":"2025-11-13T09:24:17","date_gmt":"2025-11-13T16:24:17","guid":{"rendered":"https:\/\/notiissa.mx\/?p=86493"},"modified":"2025-11-13T09:24:17","modified_gmt":"2025-11-13T16:24:17","slug":"presenta-diputada-ley-al-merito-cultural-y-artistico-de-chihuahua","status":"publish","type":"post","link":"https:\/\/notiissa.mx\/?p=86493","title":{"rendered":"Presenta diputada Ley al M\u00e9rito Cultural y Art\u00edstico de Chihuahua"},"content":{"rendered":"<p><strong>Chihuahua.-<\/strong> La Diputada por Morena en el Congreso local, Rosana D\u00edaz, present\u00f3 la Iniciativa de Decreto mediante la cual se expide la Ley al M\u00e9rito Cultural y Art\u00edstico del Estado de Chihuahua.<\/p>\n<p>La legisladora morenista en su exposici\u00f3n de motivos explic\u00f3 que esta Ley tiene como objetivo garantizar el derecho humano a la cultura, fomentar la excelencia creativa y promover el di\u00e1logo en la diversidad e interculturalidad, colocando a la cultura como un pilar del desarrollo sostenible y la cohesi\u00f3n social.<\/p>\n<p>La iniciativa contempla la creaci\u00f3n del Premio Estatal al M\u00e9rito Cultural y Art\u00edstico, que se instituye como el m\u00e1ximo reconocimiento que confiere el Estado, en colaboraci\u00f3n entre los Poderes Legislativo y Ejecutivo. Este galard\u00f3n busca visibilizar, impulsar y difundir la labor de las y los creadores, investigadores, gestores y artistas chihuahuenses que engrandecen nuestra tierra.<\/p>\n<p>\u201cEsta Ley nace del amor por Chihuahua y del compromiso de hacer de la cultura un derecho vivo, accesible y transformador. Porque cuando reconocemos a nuestros artistas, reconocemos tambi\u00e9n el esp\u00edritu de nuestro pueblo\u201d, expres\u00f3 la Diputada Rosana D\u00edaz.<\/p>\n<p>La iniciativa tambi\u00e9n fortalece la memoria hist\u00f3rica al honrar las figuras emblem\u00e1ticas que dan nombre a las categor\u00edas del Premio, e impulsa la difusi\u00f3n del talento en todas las regiones del estado, combatiendo la centralizaci\u00f3n de la oferta cultural y promoviendo el turismo regional.<\/p>\n<p>Con esta iniciativa, Rosana D\u00edaz reafirma su compromiso con la Cuarta Transformaci\u00f3n, que coloca a la gente, la creatividad y la justicia social en el centro de las pol\u00edticas p\u00fablicas.<\/p>\n<p>&nbsp;<\/p>\n","protected":false},"excerpt":{"rendered":"<p>Chihuahua.- La Diputada por Morena en el Congreso local, Rosana D\u00edaz, present\u00f3 la Iniciativa de Decreto mediante la cual se expide la Ley al M\u00e9rito Cultural y Art\u00edstico del Estado de Chihuahua. La legisladora morenista en su exposici\u00f3n de motivos explic\u00f3 que esta Ley tiene como objetivo garantizar el derecho humano a la cultura, fomentar [&hellip;]<\/p>\n","protected":false},"author":1,"featured_media":86494,"comment_status":"closed","ping_status":"open","sticky":false,"template":"","format":"standard","meta":{"rop_custom_images_group":[],"rop_custom_messages_group":[],"rop_publish_now":"initial","rop_publish_now_accounts":[],"rop_publish_now_history":[],"rop_publish_now_status":"pending","footnotes":""},"categories":[67,72],"tags":[23],"class_list":["post-86493","post","type-post","status-publish","format-standard","has-post-thumbnail","hentry","category-ciudad","category-estado","tag-destacado"],"_links":{"self":[{"href":"https:\/\/notiissa.mx\/index.php?rest_route=\/wp\/v2\/posts\/86493","targetHints":{"allow":["GET"]}}],"collection":[{"href":"https:\/\/notiissa.mx\/index.php?rest_route=\/wp\/v2\/posts"}],"about":[{"href":"https:\/\/notiissa.mx\/index.php?rest_route=\/wp\/v2\/types\/post"}],"author":[{"embeddable":true,"href":"https:\/\/notiissa.mx\/index.php?rest_route=\/wp\/v2\/users\/1"}],"replies":[{"embeddable":true,"href":"https:\/\/notiissa.mx\/index.php?rest_route=%2Fwp%2Fv2%2Fcomments&post=86493"}],"version-history":[{"count":1,"href":"https:\/\/notiissa.mx\/index.php?rest_route=\/wp\/v2\/posts\/86493\/revisions"}],"predecessor-version":[{"id":86495,"href":"https:\/\/notiissa.mx\/index.php?rest_route=\/wp\/v2\/posts\/86493\/revisions\/86495"}],"wp:featuredmedia":[{"embeddable":true,"href":"https:\/\/notiissa.mx\/index.php?rest_route=\/wp\/v2\/media\/86494"}],"wp:attachment":[{"href":"https:\/\/notiissa.mx\/index.php?rest_route=%2Fwp%2Fv2%2Fmedia&parent=86493"}],"wp:term":[{"taxonomy":"category","embeddable":true,"href":"https:\/\/notiissa.mx\/index.php?rest_route=%2Fwp%2Fv2%2Fcategories&post=86493"},{"taxonomy":"post_tag","embeddable":true,"href":"https:\/\/notiissa.mx\/index.php?rest_route=%2Fwp%2Fv2%2Ftags&post=86493"}],"curies":[{"name":"wp","href":"https:\/\/api.w.org\/{rel}","templated":true}]}}