{"id":86473,"date":"2025-11-12T14:45:27","date_gmt":"2025-11-12T21:45:27","guid":{"rendered":"https:\/\/notiissa.mx\/?p=86473"},"modified":"2025-11-12T14:45:27","modified_gmt":"2025-11-12T21:45:27","slug":"invita-uach-al-concierto-sinfonico-rock-en-tu-idioma","status":"publish","type":"post","link":"https:\/\/notiissa.mx\/?p=86473","title":{"rendered":"Invita UACH al Concierto Sinf\u00f3nico \u00abRock en tu idioma\u00bb"},"content":{"rendered":"<p><strong>Ciudad de Chihuahua.-<\/strong> La Facultad de Artes de la Universidad Aut\u00f3noma de Chihuahua invita al p\u00fablico en general a disfrutar de: \u00abRock en tu idioma: Concierto Sinf\u00f3nico\u00bb, un espect\u00e1culo musical que rendir\u00e1 homenaje a los grandes \u00e9xitos del rock en espa\u00f1ol con una propuesta \u00fanica y arreglos originales creados por docentes de la propia Facultad.<\/p>\n<p>El encuentro contar\u00e1 con la participaci\u00f3n de la Orquesta de Sinf\u00f3nica, Banda, Coros y Solistas, conformados por talentosos alumnos de la Licenciatura en M\u00fasica, quienes demostrar\u00e1n el alto nivel art\u00edstico y t\u00e9cnico que caracteriza al programa acad\u00e9mico.<\/p>\n<p>El concierto se llevar\u00e1 a cabo el 23 de noviembre de 2025 a las 18:00 horas en el Teatro de los H\u00e9roes, bajo la direcci\u00f3n del M.E. Horacio Antonio Mac\u00edas L\u00f3pez. El p\u00fablico podr\u00e1 disfrutar versiones sinf\u00f3nicas de temas emblem\u00e1ticos de agrupaciones como Soda Stereo, Man\u00e1, Enanitos Verdes y Hombres G, en una velada que celebra el poder del rock en espa\u00f1ol y su impacto en distintas generaciones. Los boletos ya est\u00e1n disponibles a trav\u00e9s de startickets.mx.<\/p>\n<p>Este espect\u00e1culo se presenta bajo el nuevo sello \u00abOpus FA\u00bb, una marca institucional que busca consolidar una identidad propia para las producciones esc\u00e9nicas, musicales y visuales desarrolladas desde el talento de la comunidad universitaria de la Facultad de Artes.<\/p>\n<p>Con OpusFA, la Facultad de Artes reafirma su compromiso con la formaci\u00f3n integral, la vinculaci\u00f3n con la comunidad y la promoci\u00f3n del arte como un veh\u00edculo de transformaci\u00f3n cultural y social.<\/p>\n","protected":false},"excerpt":{"rendered":"<p>Ciudad de Chihuahua.- La Facultad de Artes de la Universidad Aut\u00f3noma de Chihuahua invita al p\u00fablico en general a disfrutar de: \u00abRock en tu idioma: Concierto Sinf\u00f3nico\u00bb, un espect\u00e1culo musical que rendir\u00e1 homenaje a los grandes \u00e9xitos del rock en espa\u00f1ol con una propuesta \u00fanica y arreglos originales creados por docentes de la propia Facultad. [&hellip;]<\/p>\n","protected":false},"author":1,"featured_media":86474,"comment_status":"closed","ping_status":"open","sticky":false,"template":"","format":"standard","meta":{"rop_custom_images_group":[],"rop_custom_messages_group":[],"rop_publish_now":"initial","rop_publish_now_accounts":[],"rop_publish_now_history":[],"rop_publish_now_status":"pending","footnotes":""},"categories":[67,72],"tags":[],"class_list":["post-86473","post","type-post","status-publish","format-standard","has-post-thumbnail","hentry","category-ciudad","category-estado"],"_links":{"self":[{"href":"https:\/\/notiissa.mx\/index.php?rest_route=\/wp\/v2\/posts\/86473","targetHints":{"allow":["GET"]}}],"collection":[{"href":"https:\/\/notiissa.mx\/index.php?rest_route=\/wp\/v2\/posts"}],"about":[{"href":"https:\/\/notiissa.mx\/index.php?rest_route=\/wp\/v2\/types\/post"}],"author":[{"embeddable":true,"href":"https:\/\/notiissa.mx\/index.php?rest_route=\/wp\/v2\/users\/1"}],"replies":[{"embeddable":true,"href":"https:\/\/notiissa.mx\/index.php?rest_route=%2Fwp%2Fv2%2Fcomments&post=86473"}],"version-history":[{"count":1,"href":"https:\/\/notiissa.mx\/index.php?rest_route=\/wp\/v2\/posts\/86473\/revisions"}],"predecessor-version":[{"id":86475,"href":"https:\/\/notiissa.mx\/index.php?rest_route=\/wp\/v2\/posts\/86473\/revisions\/86475"}],"wp:featuredmedia":[{"embeddable":true,"href":"https:\/\/notiissa.mx\/index.php?rest_route=\/wp\/v2\/media\/86474"}],"wp:attachment":[{"href":"https:\/\/notiissa.mx\/index.php?rest_route=%2Fwp%2Fv2%2Fmedia&parent=86473"}],"wp:term":[{"taxonomy":"category","embeddable":true,"href":"https:\/\/notiissa.mx\/index.php?rest_route=%2Fwp%2Fv2%2Fcategories&post=86473"},{"taxonomy":"post_tag","embeddable":true,"href":"https:\/\/notiissa.mx\/index.php?rest_route=%2Fwp%2Fv2%2Ftags&post=86473"}],"curies":[{"name":"wp","href":"https:\/\/api.w.org\/{rel}","templated":true}]}}