{"id":86382,"date":"2025-11-10T12:12:21","date_gmt":"2025-11-10T19:12:21","guid":{"rendered":"https:\/\/notiissa.mx\/?p=86382"},"modified":"2025-11-10T12:12:21","modified_gmt":"2025-11-10T19:12:21","slug":"modelo-de-onlyfans-anuncia-candidatura-para-una-eleccion-en-al","status":"publish","type":"post","link":"https:\/\/notiissa.mx\/?p=86382","title":{"rendered":"Modelo de OnlyFans anuncia candidatura para una elecci\u00f3n en AL"},"content":{"rendered":"<p>Karen Paniagua lo calific\u00f3 como \u00abun antes y un despu\u00e9s\u00bb en su vida.<\/p>\n<p>La modelo y creadora de contenido peruana, Karen Paniagua, anunci\u00f3 su candidatura como diputada al Congreso de la Rep\u00fablica de cara a las elecciones generales que se efectuar\u00e1n en el pa\u00eds latinoamericano en 2026.<\/p>\n<p>El domingo, en un video publicado en redes sociales, indic\u00f3 que su decisi\u00f3n marca \u00abun antes y un despu\u00e9s\u00bb en su vida. \u00abS\u00e9 que ello conlleva mucha responsabilidad y sobre todo que <strong>vienen nuevos retos, nuevas metas, nuevos desaf\u00edos<\/strong>\u00ab, agreg\u00f3.<\/p>\n<p>\u00abMe siento lista para aportar, para sumar, y sobre todo <strong>dar todo por mi Per\u00fa<\/strong>\u00ab, expres\u00f3 Paniagua, quien adem\u00e1s comunic\u00f3 que en los pr\u00f3ximos d\u00edas difundir\u00e1 sus propuestas de campa\u00f1a.<\/p>\n<p>La joven de 27 a\u00f1os, <strong>reconocida por sus cuantiosas ganancias en OnlyFans<\/strong>, asegur\u00f3 que concurrir\u00e1 por el partido Avanza Pa\u00eds con el n\u00famero 13 de la lista, en unos comicios previstos para el 12 de abril de 2026, cuando Per\u00fa retomar\u00e1 el sistema bicameral.<\/p>\n<h3>Primeras dudas<\/h3>\n<p>A pocas horas de su anuncio, ya se generaron algunas dudas. Este lunes fuentes de Avanza Pa\u00eds le comentaron al diario local Per\u00fa21 que <strong>Paniagua no est\u00e1 afiliada<\/strong> a la agrupaci\u00f3n pol\u00edtica.<\/p>\n<p>En cambio, la madre de la mujer, Giovanna Moreno, le se\u00f1al\u00f3 al mismo medio que Avanza Pa\u00eds la invit\u00f3 a postular y no fue\u00a0la \u00fanica agrupaci\u00f3n que la busc\u00f3. \u00abElla <strong>s\u00ed se inscribi\u00f3 en el partido<\/strong>. Est\u00e1 como invitada. Me parece que la anuncian el 22&#8243;, afirm\u00f3.<\/p>\n<p>\u00abLe da coraje que todo se concentre en Lima y no en las regiones, sobre todo por los ni\u00f1os y por la gente que no tiene. Yo le dec\u00eda: &#8216;Karen, la \u00fanica forma de poder ayudar, porque son tant\u00edsimos, es desde arriba, desde donde se toman las decisiones&#8217;. Ella me dec\u00eda: &#8216;Mam\u00e1, la pol\u00edtica es fea&#8217;, pero viendo todo lo que pasa, entendi\u00f3 que <strong>la \u00fanica forma es limpiar desde arriba<\/strong>\u00ab, narr\u00f3.<\/p>\n<p>En principio, decenas de personas han saludado el anuncio de Paniagua y algunos la han catalogado como <strong>\u00abla nueva Susy D\u00edaz\u00bb<\/strong>, la recordada &#8216;vedette&#8217; que fue congresista en representaci\u00f3n de Lima durante el periodo parlamentario 1995-2000.<\/p>\n<p><strong>RT.<\/strong><\/p>\n<p>&nbsp;<\/p>\n","protected":false},"excerpt":{"rendered":"<p>Karen Paniagua lo calific\u00f3 como \u00abun antes y un despu\u00e9s\u00bb en su vida. La modelo y creadora de contenido peruana, Karen Paniagua, anunci\u00f3 su candidatura como diputada al Congreso de la Rep\u00fablica de cara a las elecciones generales que se efectuar\u00e1n en el pa\u00eds latinoamericano en 2026. El domingo, en un video publicado en redes [&hellip;]<\/p>\n","protected":false},"author":1,"featured_media":86383,"comment_status":"closed","ping_status":"open","sticky":false,"template":"","format":"standard","meta":{"rop_custom_images_group":[],"rop_custom_messages_group":[],"rop_publish_now":"initial","rop_publish_now_accounts":[],"rop_publish_now_history":[],"rop_publish_now_status":"pending","footnotes":""},"categories":[67,72,66],"tags":[23],"class_list":["post-86382","post","type-post","status-publish","format-standard","has-post-thumbnail","hentry","category-ciudad","category-estado","category-estilo-de-vida","tag-destacado"],"_links":{"self":[{"href":"https:\/\/notiissa.mx\/index.php?rest_route=\/wp\/v2\/posts\/86382","targetHints":{"allow":["GET"]}}],"collection":[{"href":"https:\/\/notiissa.mx\/index.php?rest_route=\/wp\/v2\/posts"}],"about":[{"href":"https:\/\/notiissa.mx\/index.php?rest_route=\/wp\/v2\/types\/post"}],"author":[{"embeddable":true,"href":"https:\/\/notiissa.mx\/index.php?rest_route=\/wp\/v2\/users\/1"}],"replies":[{"embeddable":true,"href":"https:\/\/notiissa.mx\/index.php?rest_route=%2Fwp%2Fv2%2Fcomments&post=86382"}],"version-history":[{"count":1,"href":"https:\/\/notiissa.mx\/index.php?rest_route=\/wp\/v2\/posts\/86382\/revisions"}],"predecessor-version":[{"id":86384,"href":"https:\/\/notiissa.mx\/index.php?rest_route=\/wp\/v2\/posts\/86382\/revisions\/86384"}],"wp:featuredmedia":[{"embeddable":true,"href":"https:\/\/notiissa.mx\/index.php?rest_route=\/wp\/v2\/media\/86383"}],"wp:attachment":[{"href":"https:\/\/notiissa.mx\/index.php?rest_route=%2Fwp%2Fv2%2Fmedia&parent=86382"}],"wp:term":[{"taxonomy":"category","embeddable":true,"href":"https:\/\/notiissa.mx\/index.php?rest_route=%2Fwp%2Fv2%2Fcategories&post=86382"},{"taxonomy":"post_tag","embeddable":true,"href":"https:\/\/notiissa.mx\/index.php?rest_route=%2Fwp%2Fv2%2Ftags&post=86382"}],"curies":[{"name":"wp","href":"https:\/\/api.w.org\/{rel}","templated":true}]}}