{"id":86373,"date":"2025-11-10T10:52:21","date_gmt":"2025-11-10T17:52:21","guid":{"rendered":"https:\/\/notiissa.mx\/?p=86373"},"modified":"2025-11-10T10:52:21","modified_gmt":"2025-11-10T17:52:21","slug":"sheinbaum-presenta-la-copa-mundial-fifa-2026","status":"publish","type":"post","link":"https:\/\/notiissa.mx\/?p=86373","title":{"rendered":"Sheinbaum presenta la Copa Mundial FIFA 2026"},"content":{"rendered":"<p><strong>\u201cES MOMENTO PARA COMPARTIRLE AL MUNDO LO QUE ES M\u00c9XICO Y EL MOMENTO HIST\u00d3RICO QUE VIVE\u201d: CSP.<\/strong><\/p>\n<p><strong>La inauguraci\u00f3n ser\u00e1 el pr\u00f3ximo 11 de junio en la Ciudad de M\u00e9xico.<\/strong><\/p>\n<hr \/>\n<p><strong>* La Jefa del Ejecutivo Federal resalt\u00f3 que M\u00e9xico est\u00e1 listo y envi\u00f3 un mensaje a la Selecci\u00f3n Mexicana: \u201cque cuando salten a la cancha piensen en el gran pa\u00eds que representan. M\u00e9xico es un pa\u00eds extraordinario con un pueblo excepcional.\u201d<\/strong><\/p>\n<p><strong>* Anunci\u00f3 el Mundial Social con una serie de actividades como la construcci\u00f3n de canchas en todo el pa\u00eds, la organizaci\u00f3n de \u201cMundialitos\u201d y torneos para personas de todas las edades y los FIFA FEST.<\/strong><\/p>\n<p><strong>* En el marco de la Copa Mundial FIFA 2026, se organiza \u201cM\u00e9xico 2026\u201d, que comprender\u00e1 una serie de eventos p\u00fablicos y gratuitos en las 32 entidades de la Rep\u00fablica.<\/strong><\/p>\n<hr \/>\n<p><strong>Ciudad de M\u00e9xico.-<\/strong> Desde el Complejo Cultural Los Pinos, la \u201ccasa del pueblo\u201d, la Presidenta Claudia Sheinbaum Pardo present\u00f3 la Copa Mundial FIFA 2026, \u2014cuya inauguraci\u00f3n ser\u00e1 el pr\u00f3ximo 11 de junio en la Ciudad de M\u00e9xico\u2014, la cual, destac\u00f3, ser\u00e1 una fiesta mundialista que generar\u00e1 alegr\u00eda y en la que se tendr\u00e1 la oportunidad de mostrar al mundo la amistad y uni\u00f3n entre M\u00e9xico, Canad\u00e1 y Estados Unidos, as\u00ed como para revelar la grandeza cultural de nuestro pa\u00eds y el momento hist\u00f3rico que vive su pueblo empoderado.<\/p>\n<p>\u201cEs un momento para compartirle al mundo lo que somos, lo que es M\u00e9xico: no solamente un pa\u00eds de una enorme grandeza cultural, sino tambi\u00e9n un momento hist\u00f3rico que vive nuestro pa\u00eds; un pueblo orgulloso de sus ra\u00edces, orgulloso de su presente y su futuro, un pueblo empoderado que se muestra ante el mundo\u00bb.<\/p>\n<p>\u201cEs un gusto, es un honor para m\u00ed presentar este Mundial en nuestro pa\u00eds y es un momento muy especial para todas y todos los mexicanos\u201d, destac\u00f3.<\/p>\n<p>Resalt\u00f3 que M\u00e9xico est\u00e1 listo para recibir la Copa Mundial FIFA 2026, con la que llegar\u00e1n 5.5 millones de visitantes, quienes dejar\u00e1n una importante derrama econ\u00f3mica. Se\u00f1al\u00f3 que para recibirlos se cuenta con los aeropuertos de Guadalajara, Jalisco y Monterrey, Nuevo Le\u00f3n, as\u00ed como los dos de la capital: el Aeropuerto Internacional de la Ciudad de M\u00e9xico (AICM) en el que se invirtieron 9 mil millones de pesos (mdp) para su remodelaci\u00f3n, adem\u00e1s de que tambi\u00e9n estar\u00e1 listo el tren del Aeropuerto Internacional Felipe \u00c1ngeles (AIFA) a la CDMX.<\/p>\n<p>Anunci\u00f3 que posteriormente se presentar\u00e1 el Mundial Social, una serie de actividades que se desarrollar\u00e1n alrededor del Mundial 2026 en el que se construir\u00e1n canchas en todo el pa\u00eds, se organizar\u00e1n \u201cMundialitos\u201d de j\u00f3venes, ni\u00f1as, ni\u00f1os, adultos mayores, de personas con discapacidad, se realizar\u00e1n distintos torneos, entre otras acciones como los FIFA FEST que se organizan con la FIFA para que el p\u00fablico en general pueda ver los diferentes partidos.<\/p>\n<p>Inform\u00f3 que donar\u00e1 su boleto 001 a una ni\u00f1a o joven que ame el f\u00fatbol para que pueda so\u00f1ar con este deporte, ya que asever\u00f3 que el deseo es que este evento mundialista sea una oportunidad para que todas y todos sean parte del f\u00fatbol, particularmente, para las mujeres.<\/p>\n<p>Inform\u00f3 que 13 partidos de la Copa Mundial FIFA 2026 ser\u00e1n en M\u00e9xico, los cuales se jugar\u00e1n en tres estadios: Ciudad de M\u00e9xico, Monterrey y Guadalajara, adem\u00e1s de que 17 instalaciones deportivas ser\u00e1n centros de entrenamiento. Agreg\u00f3 que se trabaja en coordinaci\u00f3n con los gobiernos estatales y municipales, as\u00ed como con el sector privado, para que la derrama econ\u00f3mica estimada de entre 1.8 y 3 mil millones de d\u00f3lares (mdd) se transforme en m\u00e1s bienestar para todas y todos. Adem\u00e1s, destac\u00f3 que se unifican esfuerzos para que la Copa Mundial se viva en cada colonia, barrio y pueblo, a trav\u00e9s de \u201cM\u00e9xico 2026\u201d, que comprende una serie de eventos p\u00fablicos y gratuitos en las 32 entidades de la Rep\u00fablica.<\/p>\n<p>El director ejecutivo de la FIFA M\u00e9xico, Jurgen Mainka Ruiz, puntualiz\u00f3 que la Copa Mundial FIFA 2026 ser\u00e1 la m\u00e1s grande de la historia con la participaci\u00f3n de 48 selecciones nacionales, 28 pa\u00edses ya clasificados y 104 partidos en 39 d\u00edas. Puntualiz\u00f3 que los estadios mexicanos recibir\u00e1n a m\u00e1s de 800 mil aficionados y en los FIFA Fan Festival de los tres pa\u00edses sede, m\u00e1s de 6 millones vivir\u00e1n una experiencia gratuita de cultura, arte, m\u00fasica y gastronom\u00eda, a ellos se suman alrededor de 6 mil millones de espectadores de las audiencias globales que seguir\u00e1n los partidos por televisi\u00f3n y redes sociales. Inform\u00f3 que la Copa Mundial FIFA 2026 requiere una gran log\u00edstica, para ello habr\u00e1 13 campamentos sede en 10 ciudades, 17 campos de entrenamiento y 26 mil noches de hotel.<\/p>\n","protected":false},"excerpt":{"rendered":"<p>\u201cES MOMENTO PARA COMPARTIRLE AL MUNDO LO QUE ES M\u00c9XICO Y EL MOMENTO HIST\u00d3RICO QUE VIVE\u201d: CSP. La inauguraci\u00f3n ser\u00e1 el pr\u00f3ximo 11 de junio en la Ciudad de M\u00e9xico. * La Jefa del Ejecutivo Federal resalt\u00f3 que M\u00e9xico est\u00e1 listo y envi\u00f3 un mensaje a la Selecci\u00f3n Mexicana: \u201cque cuando salten a la cancha [&hellip;]<\/p>\n","protected":false},"author":1,"featured_media":86374,"comment_status":"closed","ping_status":"open","sticky":false,"template":"","format":"standard","meta":{"rop_custom_images_group":[],"rop_custom_messages_group":[],"rop_publish_now":"initial","rop_publish_now_accounts":[],"rop_publish_now_history":[],"rop_publish_now_status":"pending","footnotes":""},"categories":[67,70,72,66],"tags":[23],"class_list":["post-86373","post","type-post","status-publish","format-standard","has-post-thumbnail","hentry","category-ciudad","category-espectaculos","category-estado","category-estilo-de-vida","tag-destacado"],"_links":{"self":[{"href":"https:\/\/notiissa.mx\/index.php?rest_route=\/wp\/v2\/posts\/86373","targetHints":{"allow":["GET"]}}],"collection":[{"href":"https:\/\/notiissa.mx\/index.php?rest_route=\/wp\/v2\/posts"}],"about":[{"href":"https:\/\/notiissa.mx\/index.php?rest_route=\/wp\/v2\/types\/post"}],"author":[{"embeddable":true,"href":"https:\/\/notiissa.mx\/index.php?rest_route=\/wp\/v2\/users\/1"}],"replies":[{"embeddable":true,"href":"https:\/\/notiissa.mx\/index.php?rest_route=%2Fwp%2Fv2%2Fcomments&post=86373"}],"version-history":[{"count":1,"href":"https:\/\/notiissa.mx\/index.php?rest_route=\/wp\/v2\/posts\/86373\/revisions"}],"predecessor-version":[{"id":86375,"href":"https:\/\/notiissa.mx\/index.php?rest_route=\/wp\/v2\/posts\/86373\/revisions\/86375"}],"wp:featuredmedia":[{"embeddable":true,"href":"https:\/\/notiissa.mx\/index.php?rest_route=\/wp\/v2\/media\/86374"}],"wp:attachment":[{"href":"https:\/\/notiissa.mx\/index.php?rest_route=%2Fwp%2Fv2%2Fmedia&parent=86373"}],"wp:term":[{"taxonomy":"category","embeddable":true,"href":"https:\/\/notiissa.mx\/index.php?rest_route=%2Fwp%2Fv2%2Fcategories&post=86373"},{"taxonomy":"post_tag","embeddable":true,"href":"https:\/\/notiissa.mx\/index.php?rest_route=%2Fwp%2Fv2%2Ftags&post=86373"}],"curies":[{"name":"wp","href":"https:\/\/api.w.org\/{rel}","templated":true}]}}