{"id":8599,"date":"2016-01-07T17:46:42","date_gmt":"2016-01-07T17:46:42","guid":{"rendered":"http:\/\/notiissa.mx\/?p=8599"},"modified":"2016-01-07T17:46:42","modified_gmt":"2016-01-07T17:46:42","slug":"colocara-spm-centros-de-acopio-para-arboles-navidenos","status":"publish","type":"post","link":"https:\/\/notiissa.mx\/?p=8599","title":{"rendered":"Colocar\u00e1 SPM Centros de Acopio para \u00e1rboles navide\u00f1os"},"content":{"rendered":"<p id=\"yui_3_16_0_1_1452184728055_28327\" style=\"text-align: justify;\">Tras la temporada decembrina, el Municipio de Chihuahua, encabezado por \u00a0Eugenio Baeza Fares, a trav\u00e9s de\u00a0 la Direcci\u00f3n de Servicios P\u00fablicos Municipales (SPM), dio a conocer que a partir del pr\u00f3ximo viernes 8 de enero y hasta el 31 del mismo mes, se colocar\u00e1n contenedores en diversos puntos de la ciudad para que sean depositados los \u00e1rboles navide\u00f1os.<\/p>\n<p id=\"yui_3_16_0_1_1452184728055_28329\" style=\"text-align: justify;\">Al respecto, Marcelo Flores Elizondo, director de la dependencia recalc\u00f3 que con esto se incentiva al ciudadano a que no tire este tipo de desecho en la v\u00eda p\u00fablica, lotes bald\u00edos ni arroyos, pues record\u00f3 son residuos no son levantados por los camiones recolectores que d\u00eda a d\u00eda realizan los recorridos.<\/p>\n<p id=\"yui_3_16_0_1_1452184728055_28331\" style=\"text-align: justify;\">\u201cEncaminados en la visi\u00f3n del presidente municipal, Eugenio Baeza, buscamos que los ciudadanos tengan toda la accesibilidad para que apoyen los diversos programas que emprende el Municipio para el bienestar de todos\u201d, expres\u00f3 Flores Elizondo.<\/p>\n<p style=\"text-align: justify;\">Asimismo, agradeci\u00f3 a la empresa que ha tenido la apertura para prestar sus instalaciones y coadyuvar en las actividades que van dirigidas de manera directa a las familias chihuahuenses.<\/p>\n<p style=\"text-align: justify;\">Los dep\u00f3sitos estar\u00e1n ubicados en el estacionamiento de los siguientes centros comerciales y se recibir\u00e1n los arbolitos de manera gratuita:<\/p>\n<p id=\"yui_3_16_0_1_1452184728055_28338\" style=\"text-align: justify;\">Soriana Los Arcos.<\/p>\n<p style=\"text-align: justify;\">Soriana Fuentes Mares.<\/p>\n<p style=\"text-align: justify;\">Soriana Saucito.<\/p>\n<p id=\"yui_3_16_0_1_1452184728055_28337\" style=\"text-align: justify;\">Por \u00faltimo, se extendi\u00f3 la invitaci\u00f3n a los ciudadanos para que participen y de esta manera contribuyan a mejorar la imagen de la capital del estado. M\u00e1s informaci\u00f3n en el n\u00famero telef\u00f3nico 072.<\/p>\n","protected":false},"excerpt":{"rendered":"<p>Tras la temporada decembrina, el Municipio de Chihuahua, encabezado por \u00a0Eugenio Baeza Fares, a trav\u00e9s de\u00a0 la Direcci\u00f3n de Servicios P\u00fablicos Municipales (SPM), dio a conocer que a partir del pr\u00f3ximo viernes 8 de enero y hasta el 31 del mismo mes, se colocar\u00e1n contenedores en diversos puntos de la ciudad para que sean depositados [&hellip;]<\/p>\n","protected":false},"author":1,"featured_media":8600,"comment_status":"open","ping_status":"open","sticky":false,"template":"","format":"standard","meta":{"rop_custom_images_group":[],"rop_custom_messages_group":[],"rop_publish_now":"initial","rop_publish_now_accounts":[],"rop_publish_now_history":[],"rop_publish_now_status":"pending","footnotes":""},"categories":[67],"tags":[23],"class_list":["post-8599","post","type-post","status-publish","format-standard","has-post-thumbnail","hentry","category-ciudad","tag-destacado"],"_links":{"self":[{"href":"https:\/\/notiissa.mx\/index.php?rest_route=\/wp\/v2\/posts\/8599","targetHints":{"allow":["GET"]}}],"collection":[{"href":"https:\/\/notiissa.mx\/index.php?rest_route=\/wp\/v2\/posts"}],"about":[{"href":"https:\/\/notiissa.mx\/index.php?rest_route=\/wp\/v2\/types\/post"}],"author":[{"embeddable":true,"href":"https:\/\/notiissa.mx\/index.php?rest_route=\/wp\/v2\/users\/1"}],"replies":[{"embeddable":true,"href":"https:\/\/notiissa.mx\/index.php?rest_route=%2Fwp%2Fv2%2Fcomments&post=8599"}],"version-history":[{"count":1,"href":"https:\/\/notiissa.mx\/index.php?rest_route=\/wp\/v2\/posts\/8599\/revisions"}],"predecessor-version":[{"id":8601,"href":"https:\/\/notiissa.mx\/index.php?rest_route=\/wp\/v2\/posts\/8599\/revisions\/8601"}],"wp:featuredmedia":[{"embeddable":true,"href":"https:\/\/notiissa.mx\/index.php?rest_route=\/wp\/v2\/media\/8600"}],"wp:attachment":[{"href":"https:\/\/notiissa.mx\/index.php?rest_route=%2Fwp%2Fv2%2Fmedia&parent=8599"}],"wp:term":[{"taxonomy":"category","embeddable":true,"href":"https:\/\/notiissa.mx\/index.php?rest_route=%2Fwp%2Fv2%2Fcategories&post=8599"},{"taxonomy":"post_tag","embeddable":true,"href":"https:\/\/notiissa.mx\/index.php?rest_route=%2Fwp%2Fv2%2Ftags&post=8599"}],"curies":[{"name":"wp","href":"https:\/\/api.w.org\/{rel}","templated":true}]}}