{"id":8583,"date":"2016-01-06T20:45:03","date_gmt":"2016-01-06T20:45:03","guid":{"rendered":"http:\/\/notiissa.mx\/?p=8583"},"modified":"2016-01-06T20:45:03","modified_gmt":"2016-01-06T20:45:03","slug":"visita-baeza-fares-instalaciones-del-cedipol","status":"publish","type":"post","link":"https:\/\/notiissa.mx\/?p=8583","title":{"rendered":"Visita Baeza Fares instalaciones del CEDIPOL"},"content":{"rendered":"<p style=\"text-align: justify;\">Chihuahua.-Como una visita de cortes\u00eda y gratamente sorprendido, el presidente municipal Eugenio Baeza Fares, recorri\u00f3 las instalaciones del Centro de Desarrollo Integral Policial (CEDIPOL).<\/p>\n<p style=\"text-align: justify;\">Acompa\u00f1ado por Luis Lara, presidente de Fideicomiso para la Competitividad y Seguridad Ciudadana y el titular de la Direcci\u00f3n de Seguridad P\u00fablica Municipal, Horacio Salcido Caldera, el alcalde pudo ver este Centro destinado a los mil 400 polic\u00edas municipales y sus familias.<\/p>\n<p style=\"text-align: justify;\">Entre los puntos visitados por el edil capitalino, destac\u00f3 el avance de la alberca semi-ol\u00edmpica techada que actualmente se est\u00e1 construyendo, la cual cumple con las especificaciones de la Federaci\u00f3n Internacional de Nataci\u00f3n, lo que permitir\u00e1 hacer competencias profesionales.<\/p>\n<p style=\"text-align: justify;\">El gimnasio, la guarder\u00eda y los espacios al aire libre fueron varias de las \u00e1reas que se visitaron, para terminar con un desayuno de cortes\u00eda en donde se habl\u00f3 de la historia de este recinto, \u00fanico en el estado para los polic\u00edas municipales y el cual es referencia de los apoyos para los elementos y que abonan a la dignificaci\u00f3n de esta noble carrera.<\/p>\n","protected":false},"excerpt":{"rendered":"<p>Chihuahua.-Como una visita de cortes\u00eda y gratamente sorprendido, el presidente municipal Eugenio Baeza Fares, recorri\u00f3 las instalaciones del Centro de Desarrollo Integral Policial (CEDIPOL). Acompa\u00f1ado por Luis Lara, presidente de Fideicomiso para la Competitividad y Seguridad Ciudadana y el titular de la Direcci\u00f3n de Seguridad P\u00fablica Municipal, Horacio Salcido Caldera, el alcalde pudo ver este [&hellip;]<\/p>\n","protected":false},"author":1,"featured_media":8584,"comment_status":"open","ping_status":"open","sticky":false,"template":"","format":"standard","meta":{"rop_custom_images_group":[],"rop_custom_messages_group":[],"rop_publish_now":"initial","rop_publish_now_accounts":[],"rop_publish_now_history":[],"rop_publish_now_status":"pending","footnotes":""},"categories":[67],"tags":[23],"class_list":["post-8583","post","type-post","status-publish","format-standard","has-post-thumbnail","hentry","category-ciudad","tag-destacado"],"_links":{"self":[{"href":"https:\/\/notiissa.mx\/index.php?rest_route=\/wp\/v2\/posts\/8583","targetHints":{"allow":["GET"]}}],"collection":[{"href":"https:\/\/notiissa.mx\/index.php?rest_route=\/wp\/v2\/posts"}],"about":[{"href":"https:\/\/notiissa.mx\/index.php?rest_route=\/wp\/v2\/types\/post"}],"author":[{"embeddable":true,"href":"https:\/\/notiissa.mx\/index.php?rest_route=\/wp\/v2\/users\/1"}],"replies":[{"embeddable":true,"href":"https:\/\/notiissa.mx\/index.php?rest_route=%2Fwp%2Fv2%2Fcomments&post=8583"}],"version-history":[{"count":1,"href":"https:\/\/notiissa.mx\/index.php?rest_route=\/wp\/v2\/posts\/8583\/revisions"}],"predecessor-version":[{"id":8585,"href":"https:\/\/notiissa.mx\/index.php?rest_route=\/wp\/v2\/posts\/8583\/revisions\/8585"}],"wp:featuredmedia":[{"embeddable":true,"href":"https:\/\/notiissa.mx\/index.php?rest_route=\/wp\/v2\/media\/8584"}],"wp:attachment":[{"href":"https:\/\/notiissa.mx\/index.php?rest_route=%2Fwp%2Fv2%2Fmedia&parent=8583"}],"wp:term":[{"taxonomy":"category","embeddable":true,"href":"https:\/\/notiissa.mx\/index.php?rest_route=%2Fwp%2Fv2%2Fcategories&post=8583"},{"taxonomy":"post_tag","embeddable":true,"href":"https:\/\/notiissa.mx\/index.php?rest_route=%2Fwp%2Fv2%2Ftags&post=8583"}],"curies":[{"name":"wp","href":"https:\/\/api.w.org\/{rel}","templated":true}]}}