{"id":85546,"date":"2025-10-21T13:30:34","date_gmt":"2025-10-21T19:30:34","guid":{"rendered":"https:\/\/notiissa.mx\/?p=85546"},"modified":"2025-10-21T13:30:34","modified_gmt":"2025-10-21T19:30:34","slug":"seleccionan-a-participantes-del-programa-cultiva-mexico","status":"publish","type":"post","link":"https:\/\/notiissa.mx\/?p=85546","title":{"rendered":"Seleccionan a participantes del Programa Cultiva M\u00e9xico"},"content":{"rendered":"<p><strong>Chihuahua.- E<\/strong>l Programa de Agrupaciones Musicales Infantiles y Juveniles de la Secretar\u00eda de Cultura, fue seleccionado como una de las 41 iniciativas reconocidas a nivel nacional en la convocatoria Cultiva M\u00e9xico 2025, del Gobierno federal.<\/p>\n<p>Esta convocatoria tiene como prop\u00f3sito identificar y fortalecer proyectos culturales comunitarios, que generan impacto positivo, promueven la participaci\u00f3n social y contribuyen a la construcci\u00f3n de procesos sostenibles.<\/p>\n<p>El Programa fue reconocido por su dise\u00f1o, innovaci\u00f3n y contribuci\u00f3n a la formaci\u00f3n art\u00edstica de ni\u00f1as, ni\u00f1os y j\u00f3venes en distintas regiones del estado, al fomentar la creatividad, la disciplina, el trabajo en equipo y el sentido de comunidad.<\/p>\n<p>La distinci\u00f3n representa un reconocimiento al trabajo que se realiza desde el estado de Chihuahua, para garantizar el acceso a la cultura y las artes, y la formaci\u00f3n musical como herramienta de desarrollo art\u00edstico y comunitario.<\/p>\n<p>Las iniciativas seleccionadas formar\u00e1n parte de un Banco de Buenas Pr\u00e1cticas en Gesti\u00f3n Cultural y Art\u00edstica, y recibir\u00e1n acompa\u00f1amiento para garantizar su sostenibilidad, participar en procesos formativos y espacios de colaboraci\u00f3n, con especialistas y redes internacionales.<\/p>\n","protected":false},"excerpt":{"rendered":"<p>Chihuahua.- El Programa de Agrupaciones Musicales Infantiles y Juveniles de la Secretar\u00eda de Cultura, fue seleccionado como una de las 41 iniciativas reconocidas a nivel nacional en la convocatoria Cultiva M\u00e9xico 2025, del Gobierno federal. Esta convocatoria tiene como prop\u00f3sito identificar y fortalecer proyectos culturales comunitarios, que generan impacto positivo, promueven la participaci\u00f3n social y [&hellip;]<\/p>\n","protected":false},"author":1,"featured_media":85547,"comment_status":"closed","ping_status":"open","sticky":false,"template":"","format":"standard","meta":{"rop_custom_images_group":[],"rop_custom_messages_group":[],"rop_publish_now":"initial","rop_publish_now_accounts":[],"rop_publish_now_history":[],"rop_publish_now_status":"pending","footnotes":""},"categories":[67,62,70,72],"tags":[23],"class_list":["post-85546","post","type-post","status-publish","format-standard","has-post-thumbnail","hentry","category-ciudad","category-cultura","category-espectaculos","category-estado","tag-destacado"],"_links":{"self":[{"href":"https:\/\/notiissa.mx\/index.php?rest_route=\/wp\/v2\/posts\/85546","targetHints":{"allow":["GET"]}}],"collection":[{"href":"https:\/\/notiissa.mx\/index.php?rest_route=\/wp\/v2\/posts"}],"about":[{"href":"https:\/\/notiissa.mx\/index.php?rest_route=\/wp\/v2\/types\/post"}],"author":[{"embeddable":true,"href":"https:\/\/notiissa.mx\/index.php?rest_route=\/wp\/v2\/users\/1"}],"replies":[{"embeddable":true,"href":"https:\/\/notiissa.mx\/index.php?rest_route=%2Fwp%2Fv2%2Fcomments&post=85546"}],"version-history":[{"count":1,"href":"https:\/\/notiissa.mx\/index.php?rest_route=\/wp\/v2\/posts\/85546\/revisions"}],"predecessor-version":[{"id":85548,"href":"https:\/\/notiissa.mx\/index.php?rest_route=\/wp\/v2\/posts\/85546\/revisions\/85548"}],"wp:featuredmedia":[{"embeddable":true,"href":"https:\/\/notiissa.mx\/index.php?rest_route=\/wp\/v2\/media\/85547"}],"wp:attachment":[{"href":"https:\/\/notiissa.mx\/index.php?rest_route=%2Fwp%2Fv2%2Fmedia&parent=85546"}],"wp:term":[{"taxonomy":"category","embeddable":true,"href":"https:\/\/notiissa.mx\/index.php?rest_route=%2Fwp%2Fv2%2Fcategories&post=85546"},{"taxonomy":"post_tag","embeddable":true,"href":"https:\/\/notiissa.mx\/index.php?rest_route=%2Fwp%2Fv2%2Ftags&post=85546"}],"curies":[{"name":"wp","href":"https:\/\/api.w.org\/{rel}","templated":true}]}}