{"id":85539,"date":"2025-10-21T12:28:46","date_gmt":"2025-10-21T18:28:46","guid":{"rendered":"https:\/\/notiissa.mx\/?p=85539"},"modified":"2025-10-21T12:28:46","modified_gmt":"2025-10-21T18:28:46","slug":"debe-sancionarse-inasistencia-presencial-dip-estrada","status":"publish","type":"post","link":"https:\/\/notiissa.mx\/?p=85539","title":{"rendered":"Debe sancionarse inasistencia presencial: Dip. Estrada"},"content":{"rendered":"<p><strong>Se abusa de acceso remoto.<\/strong><\/p>\n<hr \/>\n<p><strong>Por Silvia Madrid A.<\/strong><\/p>\n<p><strong>Ciudad de Chihuahua.-<\/strong> Tras la \u201casistencia\u201d remota del legislador de Morena Cuauht\u00e9moc Blanco a la sesi\u00f3n ordinaria de la C\u00e1mara Baja desde la cancha donde jugaba padel, el diputado local del mismo partido Cuauht\u00e9moc Estrada reconoci\u00f3 que se est\u00e1 abusando de este sistema que se privilegi\u00f3 durante la pandemia.<\/p>\n<p>Dijo que es v\u00e1lido cuando una persona est\u00e9 enferma y le sea dif\u00edcil asistir a las sesiones pero en este caso se debe revisar la normatividad pues considero que es una falta administrativa que como tal amerita sanci\u00f3n.<\/p>\n<p>Agreg\u00f3 que es un tema que ha comentando con coordinadores parlamentarios pues tambi\u00e9n se presenta en el Congreso de Chihuahua; ya se est\u00e1 analizando para que no se siga presentando.y la asistencia sea presencial a sesiones.<\/p>\n<p>Sobre la alianza PRI-PAN la calific\u00f3 de amasiato, de matrimonio t\u00f3xico; y critic\u00f3 que ahora el PAN abra su padr\u00f3n cuando por d\u00e9cadas lo tuvo cerrado, y redujo la estrategia a un logo que es muy parecido al de Chihuahua Vive y la rifa de un iphone entre los j\u00f3venes que se afilien.<\/p>\n<p>Al cuestionarlo si con este relanzamiento del PAN le est\u00e1 copiando a Morena, solo respondi\u00f3 el legislador Estrada que le falta barrio.<\/p>\n","protected":false},"excerpt":{"rendered":"<p>Se abusa de acceso remoto. Por Silvia Madrid A. Ciudad de Chihuahua.- Tras la \u201casistencia\u201d remota del legislador de Morena Cuauht\u00e9moc Blanco a la sesi\u00f3n ordinaria de la C\u00e1mara Baja desde la cancha donde jugaba padel, el diputado local del mismo partido Cuauht\u00e9moc Estrada reconoci\u00f3 que se est\u00e1 abusando de este sistema que se privilegi\u00f3 [&hellip;]<\/p>\n","protected":false},"author":1,"featured_media":85541,"comment_status":"closed","ping_status":"open","sticky":false,"template":"","format":"standard","meta":{"rop_custom_images_group":[],"rop_custom_messages_group":[],"rop_publish_now":"initial","rop_publish_now_accounts":[],"rop_publish_now_history":[],"rop_publish_now_status":"pending","footnotes":""},"categories":[67,72],"tags":[23],"class_list":["post-85539","post","type-post","status-publish","format-standard","has-post-thumbnail","hentry","category-ciudad","category-estado","tag-destacado"],"_links":{"self":[{"href":"https:\/\/notiissa.mx\/index.php?rest_route=\/wp\/v2\/posts\/85539","targetHints":{"allow":["GET"]}}],"collection":[{"href":"https:\/\/notiissa.mx\/index.php?rest_route=\/wp\/v2\/posts"}],"about":[{"href":"https:\/\/notiissa.mx\/index.php?rest_route=\/wp\/v2\/types\/post"}],"author":[{"embeddable":true,"href":"https:\/\/notiissa.mx\/index.php?rest_route=\/wp\/v2\/users\/1"}],"replies":[{"embeddable":true,"href":"https:\/\/notiissa.mx\/index.php?rest_route=%2Fwp%2Fv2%2Fcomments&post=85539"}],"version-history":[{"count":1,"href":"https:\/\/notiissa.mx\/index.php?rest_route=\/wp\/v2\/posts\/85539\/revisions"}],"predecessor-version":[{"id":85542,"href":"https:\/\/notiissa.mx\/index.php?rest_route=\/wp\/v2\/posts\/85539\/revisions\/85542"}],"wp:featuredmedia":[{"embeddable":true,"href":"https:\/\/notiissa.mx\/index.php?rest_route=\/wp\/v2\/media\/85541"}],"wp:attachment":[{"href":"https:\/\/notiissa.mx\/index.php?rest_route=%2Fwp%2Fv2%2Fmedia&parent=85539"}],"wp:term":[{"taxonomy":"category","embeddable":true,"href":"https:\/\/notiissa.mx\/index.php?rest_route=%2Fwp%2Fv2%2Fcategories&post=85539"},{"taxonomy":"post_tag","embeddable":true,"href":"https:\/\/notiissa.mx\/index.php?rest_route=%2Fwp%2Fv2%2Ftags&post=85539"}],"curies":[{"name":"wp","href":"https:\/\/api.w.org\/{rel}","templated":true}]}}