{"id":85345,"date":"2025-10-16T13:38:55","date_gmt":"2025-10-16T19:38:55","guid":{"rendered":"https:\/\/notiissa.mx\/?p=85345"},"modified":"2025-10-16T13:38:55","modified_gmt":"2025-10-16T19:38:55","slug":"el-campo-de-chihuahua-lo-fortalecen-sus-mujeres-rurales-bonilla","status":"publish","type":"post","link":"https:\/\/notiissa.mx\/?p=85345","title":{"rendered":"\u00abEl campo de Chihuahua lo fortalecen sus mujeres rurales\u00bb: Bonilla"},"content":{"rendered":"<p><strong>&#8211; Las reconoci\u00f3 como parte del D\u00eda Internacional de la Mujer Rural.<\/strong><\/p>\n<hr \/>\n<p><strong>Ciudad de Chihuahua.-<\/strong> El alcalde Marco Antonio Bonilla Mendoza, reconoci\u00f3 a las mujeres de la zona rural de Chihuahua Capital, por su trabajo, ya que, gracias a ellas, el campo, con la agricultura y la ganader\u00eda, ha sido muy fruct\u00edfero.<\/p>\n<p>Bonilla Mendoza, detall\u00f3 las caracter\u00edsticas de la mujer chihuahuense, que es valiente, noble y leal, que, gracias a ellas, la zona rural se ha mantenido, siendo la capital y municipios aleda\u00f1os, principales exportadores en nueces, madera, manzana, entre otros.<\/p>\n<p>Durante el evento les comparti\u00f3 que continuar\u00e1 el trabajo conjunto, por dignificarlas, brindarles herramientas que ayuden a sacar adelante al sector agropecuario y a sus familias.<\/p>\n<p>El director de Desarrollo Rural, Armando Guti\u00e9rrez, felicit\u00f3 a las mujeres de la zona rural, por ser punta de lanza en las necesidades de sus familias y de las comunidades, por su labor diaria y por ese amor con el que salen adelante.<\/p>\n<p>Al finalizar, se realiz\u00f3 una conferencia para explicarles los diversos tipos de violencia, herramientas para identificarlas y prevenirlas.<\/p>\n","protected":false},"excerpt":{"rendered":"<p>&#8211; Las reconoci\u00f3 como parte del D\u00eda Internacional de la Mujer Rural. Ciudad de Chihuahua.- El alcalde Marco Antonio Bonilla Mendoza, reconoci\u00f3 a las mujeres de la zona rural de Chihuahua Capital, por su trabajo, ya que, gracias a ellas, el campo, con la agricultura y la ganader\u00eda, ha sido muy fruct\u00edfero. Bonilla Mendoza, detall\u00f3 [&hellip;]<\/p>\n","protected":false},"author":1,"featured_media":85346,"comment_status":"closed","ping_status":"open","sticky":false,"template":"","format":"standard","meta":{"rop_custom_images_group":[],"rop_custom_messages_group":[],"rop_publish_now":"initial","rop_publish_now_accounts":[],"rop_publish_now_history":[],"rop_publish_now_status":"pending","footnotes":""},"categories":[67,72],"tags":[23],"class_list":["post-85345","post","type-post","status-publish","format-standard","has-post-thumbnail","hentry","category-ciudad","category-estado","tag-destacado"],"_links":{"self":[{"href":"https:\/\/notiissa.mx\/index.php?rest_route=\/wp\/v2\/posts\/85345","targetHints":{"allow":["GET"]}}],"collection":[{"href":"https:\/\/notiissa.mx\/index.php?rest_route=\/wp\/v2\/posts"}],"about":[{"href":"https:\/\/notiissa.mx\/index.php?rest_route=\/wp\/v2\/types\/post"}],"author":[{"embeddable":true,"href":"https:\/\/notiissa.mx\/index.php?rest_route=\/wp\/v2\/users\/1"}],"replies":[{"embeddable":true,"href":"https:\/\/notiissa.mx\/index.php?rest_route=%2Fwp%2Fv2%2Fcomments&post=85345"}],"version-history":[{"count":1,"href":"https:\/\/notiissa.mx\/index.php?rest_route=\/wp\/v2\/posts\/85345\/revisions"}],"predecessor-version":[{"id":85347,"href":"https:\/\/notiissa.mx\/index.php?rest_route=\/wp\/v2\/posts\/85345\/revisions\/85347"}],"wp:featuredmedia":[{"embeddable":true,"href":"https:\/\/notiissa.mx\/index.php?rest_route=\/wp\/v2\/media\/85346"}],"wp:attachment":[{"href":"https:\/\/notiissa.mx\/index.php?rest_route=%2Fwp%2Fv2%2Fmedia&parent=85345"}],"wp:term":[{"taxonomy":"category","embeddable":true,"href":"https:\/\/notiissa.mx\/index.php?rest_route=%2Fwp%2Fv2%2Fcategories&post=85345"},{"taxonomy":"post_tag","embeddable":true,"href":"https:\/\/notiissa.mx\/index.php?rest_route=%2Fwp%2Fv2%2Ftags&post=85345"}],"curies":[{"name":"wp","href":"https:\/\/api.w.org\/{rel}","templated":true}]}}