{"id":85050,"date":"2025-10-10T12:44:20","date_gmt":"2025-10-10T18:44:20","guid":{"rendered":"https:\/\/notiissa.mx\/?p=85050"},"modified":"2025-10-10T13:18:15","modified_gmt":"2025-10-10T19:18:15","slug":"dan-a-conocer-gira-de-mexico-canta-en-mexico-y-ee-uu","status":"publish","type":"post","link":"https:\/\/notiissa.mx\/?p=85050","title":{"rendered":"Dan a conocer gira de \u00abM\u00e9xico Canta\u00bb en M\u00e9xico y EE.UU."},"content":{"rendered":"<p><strong>PARA PROMOVER M\u00daSICA SIN APOLOG\u00cdA A LA VIOLENCIA NI AL CONSUMO DE DROGAS.<\/strong><\/p>\n<hr \/>\n<p><strong>* \u2060Se llevar\u00e1 a cabo del 8 de noviembre al 20 de diciembre de 2025 en M\u00e9xico y Estados Unidos.<\/strong><br \/>\n<strong>* Visitar\u00e1n escuelas y centros de j\u00f3venes donde compartir\u00e1n sus experiencias.\u00a0<\/strong><br \/>\n<strong>* Durante la Gran Final de M\u00e9xico Canta se registr\u00f3 votaci\u00f3n desde 39 pa\u00edses para elegir al ganador a Mejor Int\u00e9rprete y Mejor Compositor.<\/strong><\/p>\n<hr \/>\n<p>La Presidenta Claudia Sheinbaum Pardo anunci\u00f3 que, como parte de la iniciativa binacional \u201cM\u00e9xico Canta por la paz y contra las adicciones\u201d,\u00a0 ganadores y finalistas iniciar\u00e1n una gira en la que realizar\u00e1n conciertos, as\u00ed como visitas a escuelas y centros de j\u00f3venes para promover, a trav\u00e9s de la nueva m\u00fasica mexicana, letras que no hagan apolog\u00eda a la violencia o al consumo de drogas.<\/p>\n<p>\u201cLo que decidimos junto con Cultura es invitarlos a una gira por el pa\u00eds, de grandes conciertos pero tambi\u00e9n de peque\u00f1os. No olvidemos cu\u00e1l fue el objetivo de \u201cM\u00e9xico Canta\u201d, que no solamente es promover a m\u00fasicos y m\u00fasicas mexicanos, sino la letra, que ha tenido mucho impacto. Nosotros no prohibimos letras, en algunos estados lo han hecho. Nosotros no prohibimos letras que tengan que ver con la apolog\u00eda de la violencia o el consumo de las drogas, pero creemos que el promoverlas genera una narrativa social de que es algo bueno. Entonces, \u00bfc\u00f3mo atender a nuevas narrativas?, pues promoviendo m\u00fasica diferente\u201d, afirm\u00f3 la Presidenta de M\u00e9xico.<\/p>\n<p>\u201cEl objetivo principal de \u2018M\u00e9xico Canta\u2019 y por eso se llama \u00b4M\u00e9xico Canta por la paz y contra las adicciones\u00b4, es promover letras distintas a partir de la nueva m\u00fasica mexicana y por eso queremos que ellas y ellos vayan no solamente a grandes conciertos sino a escuelas, a centros donde est\u00e9n j\u00f3venes, en donde hablen de sus propias experiencias y compartan una visi\u00f3n distinta a partir de la m\u00fasica que es un lenguaje maravilloso en el que los j\u00f3venes se encuentran\u201d, destac\u00f3 en la conferencia \u201cLas Ma\u00f1aneras del Pueblo\u201d.<\/p>\n<p><strong>La secretaria de Cultura, Claudia Curiel de Icaza, detall\u00f3 que la gira por M\u00e9xico y Estados Unidos iniciar\u00e1 de la mano del colectivo Legado de Grandeza en las siguientes fechas:<\/strong><br \/>\n\u2060<br \/>\n* S\u00e1bado 8 de noviembre: Los \u00c1ngeles, California<br \/>\n\u2060\u2022 Jueves 13 de noviembre: Las Vegas, Nevada, en el showcase de los premios Latin Grammy, con apoyo del Consejo Mexicano de la M\u00fasica (CMM).<br \/>\n\u2022Viernes 14 y s\u00e1bado 15 de noviembre: Miami, Florida.<br \/>\n\u2022\u2060 \u2060Viernes 21 y s\u00e1bado 22 de noviembre: Tijuana, Baja California.<br \/>\n\u2022\u2060 S\u00e1bado 20 de diciembre: Ciudad de M\u00e9xico, en la Verbena Navide\u00f1a.<\/p>\n<p>Asimismo, en 2026 se anunciar\u00e1n m\u00e1s fechas para que el mensaje que difunden las nuevas narrativas sin apolog\u00eda a la violencia o al consumo de drogas llegue a m\u00e1s audiencias.<\/p>\n<p>Tambi\u00e9n, la secretaria Curiel inform\u00f3 que durante la Gran Final de \u201cM\u00e9xico Canta\u201d se registr\u00f3 votaci\u00f3n de 39 pa\u00edses, entre ellos M\u00e9xico, Estados Unidos, Argentina, Costa Rica, Filipinas, Italia, Indonesia y Jap\u00f3n, que eligieron a Sergio Maya como ganador a Mejor Int\u00e9rprete, y a Carmen Mar\u00eda como Mejor Compositora, mientras que Galia Siurob fue reconocida con el Premio de los Especialistas.<\/p>\n<p>Como parte de la estrategia para la difusi\u00f3n de las nuevas narrativas de la m\u00fasica mexicana, se producir\u00e1 un disco en vinilo con las presentaciones de la Gran Final, material que tambi\u00e9n estar\u00e1 disponible en plataformas digitales.<\/p>\n<p>La secretaria de Cultura destac\u00f3 la participaci\u00f3n de m\u00e1s de 25 medios p\u00fablicos para la transmisi\u00f3n de todas las emisiones de \u201cM\u00e9xico Canta por la paz y contra las adicciones\u201d, pues gracias a ellos se alcanz\u00f3 una audiencia de 11 millones de personas.<\/p>\n","protected":false},"excerpt":{"rendered":"<p>PARA PROMOVER M\u00daSICA SIN APOLOG\u00cdA A LA VIOLENCIA NI AL CONSUMO DE DROGAS. * \u2060Se llevar\u00e1 a cabo del 8 de noviembre al 20 de diciembre de 2025 en M\u00e9xico y Estados Unidos. * Visitar\u00e1n escuelas y centros de j\u00f3venes donde compartir\u00e1n sus experiencias.\u00a0 * Durante la Gran Final de M\u00e9xico Canta se registr\u00f3 votaci\u00f3n [&hellip;]<\/p>\n","protected":false},"author":1,"featured_media":85051,"comment_status":"closed","ping_status":"open","sticky":false,"template":"","format":"standard","meta":{"rop_custom_images_group":[],"rop_custom_messages_group":[],"rop_publish_now":"initial","rop_publish_now_accounts":[],"rop_publish_now_history":[],"rop_publish_now_status":"pending","footnotes":""},"categories":[67,70,72,60],"tags":[23],"class_list":["post-85050","post","type-post","status-publish","format-standard","has-post-thumbnail","hentry","category-ciudad","category-espectaculos","category-estado","category-sonnoticia","tag-destacado"],"_links":{"self":[{"href":"https:\/\/notiissa.mx\/index.php?rest_route=\/wp\/v2\/posts\/85050","targetHints":{"allow":["GET"]}}],"collection":[{"href":"https:\/\/notiissa.mx\/index.php?rest_route=\/wp\/v2\/posts"}],"about":[{"href":"https:\/\/notiissa.mx\/index.php?rest_route=\/wp\/v2\/types\/post"}],"author":[{"embeddable":true,"href":"https:\/\/notiissa.mx\/index.php?rest_route=\/wp\/v2\/users\/1"}],"replies":[{"embeddable":true,"href":"https:\/\/notiissa.mx\/index.php?rest_route=%2Fwp%2Fv2%2Fcomments&post=85050"}],"version-history":[{"count":1,"href":"https:\/\/notiissa.mx\/index.php?rest_route=\/wp\/v2\/posts\/85050\/revisions"}],"predecessor-version":[{"id":85052,"href":"https:\/\/notiissa.mx\/index.php?rest_route=\/wp\/v2\/posts\/85050\/revisions\/85052"}],"wp:featuredmedia":[{"embeddable":true,"href":"https:\/\/notiissa.mx\/index.php?rest_route=\/wp\/v2\/media\/85051"}],"wp:attachment":[{"href":"https:\/\/notiissa.mx\/index.php?rest_route=%2Fwp%2Fv2%2Fmedia&parent=85050"}],"wp:term":[{"taxonomy":"category","embeddable":true,"href":"https:\/\/notiissa.mx\/index.php?rest_route=%2Fwp%2Fv2%2Fcategories&post=85050"},{"taxonomy":"post_tag","embeddable":true,"href":"https:\/\/notiissa.mx\/index.php?rest_route=%2Fwp%2Fv2%2Ftags&post=85050"}],"curies":[{"name":"wp","href":"https:\/\/api.w.org\/{rel}","templated":true}]}}