{"id":85000,"date":"2025-10-09T12:54:36","date_gmt":"2025-10-09T18:54:36","guid":{"rendered":"https:\/\/notiissa.mx\/?p=85000"},"modified":"2025-10-09T12:54:36","modified_gmt":"2025-10-09T18:54:36","slug":"reforman-ley-para-promover-inteligencia-emocional-en-escuelas","status":"publish","type":"post","link":"https:\/\/notiissa.mx\/?p=85000","title":{"rendered":"Reforman ley para promover inteligencia emocional en escuelas"},"content":{"rendered":"<p><strong>Chihuahua.-<\/strong> El Congreso local, reform\u00f3 la Ley Estatal de Educaci\u00f3n a efecto de establecer la atribuci\u00f3n de la autoridad educativa para promover y fortalecer la inteligencia emocional en las y los educandos.<\/p>\n<p>Lo anterior, mediante la reforma a los art\u00edculos 8, fracci\u00f3n XXIX y 9, fracci\u00f3n VI, ambos de la Ley Estatal de Educaci\u00f3n; para quedar redactados en los siguientes t\u00e9rminos:<\/p>\n<p>Art\u00edculo 8. \u2026<\/p>\n<p>XXIX. Promover y fortalecer la inteligencia emocional en las y los educandos, entendida como la facultad de reconocer, comprender y regular las emociones propias, as\u00ed como de identificar y comprender las de otras personas.<\/p>\n<p>Art\u00edculo 9. \u2026<\/p>\n<p>VI. Ser\u00e1 integral porque educar\u00e1 para la vida y estar\u00e1 enfocada a las capacidades y desarrollo de las habilidades cognitivas, socioemocionales y f\u00edsicas de las personas que les permitan alcanzar su bienestar y contribuir al desarrollo social.<\/p>\n<p>En la lectura del dictamen por parte del diputado \u00d3scar Avitia Arellanes, presidente de la Comisi\u00f3n de Educaci\u00f3n, Cultura F\u00edsica y Deporte, se dijo que, desde la perspectiva de pol\u00edtica p\u00fablica y gesti\u00f3n escolar, puntualizar la inteligencia emocional es una inversi\u00f3n en prevenci\u00f3n: reduce costos asociados a problemas de salud mental, abandono escolar y violencia, y mejora la productividad a largo plazo mediante ciudadanas y ciudadanos con mejores capacidades para la vida laboral y comunitaria.<\/p>\n<p>En suma, se\u00f1al\u00f3, la educaci\u00f3n integral que combina saberes acad\u00e9micos con el cuidado y la promoci\u00f3n de la inteligencia emocional maximiza la eficacia pedag\u00f3gica y garantiza resultados sostenibles en el bienestar y la inclusi\u00f3n social.<\/p>\n<p>Cabe mencionar que la propuesta fue presentada por diputadas y diputados integrantes del Grupo Parlamentario del Partido Movimiento de Regeneraci\u00f3n Nacional (MORENA).<\/p>\n","protected":false},"excerpt":{"rendered":"<p>Chihuahua.- El Congreso local, reform\u00f3 la Ley Estatal de Educaci\u00f3n a efecto de establecer la atribuci\u00f3n de la autoridad educativa para promover y fortalecer la inteligencia emocional en las y los educandos. Lo anterior, mediante la reforma a los art\u00edculos 8, fracci\u00f3n XXIX y 9, fracci\u00f3n VI, ambos de la Ley Estatal de Educaci\u00f3n; para [&hellip;]<\/p>\n","protected":false},"author":1,"featured_media":85001,"comment_status":"closed","ping_status":"open","sticky":false,"template":"","format":"standard","meta":{"rop_custom_images_group":[],"rop_custom_messages_group":[],"rop_publish_now":"initial","rop_publish_now_accounts":[],"rop_publish_now_history":[],"rop_publish_now_status":"pending","footnotes":""},"categories":[67,64,72],"tags":[23],"class_list":["post-85000","post","type-post","status-publish","format-standard","has-post-thumbnail","hentry","category-ciudad","category-educacion","category-estado","tag-destacado"],"_links":{"self":[{"href":"https:\/\/notiissa.mx\/index.php?rest_route=\/wp\/v2\/posts\/85000","targetHints":{"allow":["GET"]}}],"collection":[{"href":"https:\/\/notiissa.mx\/index.php?rest_route=\/wp\/v2\/posts"}],"about":[{"href":"https:\/\/notiissa.mx\/index.php?rest_route=\/wp\/v2\/types\/post"}],"author":[{"embeddable":true,"href":"https:\/\/notiissa.mx\/index.php?rest_route=\/wp\/v2\/users\/1"}],"replies":[{"embeddable":true,"href":"https:\/\/notiissa.mx\/index.php?rest_route=%2Fwp%2Fv2%2Fcomments&post=85000"}],"version-history":[{"count":1,"href":"https:\/\/notiissa.mx\/index.php?rest_route=\/wp\/v2\/posts\/85000\/revisions"}],"predecessor-version":[{"id":85002,"href":"https:\/\/notiissa.mx\/index.php?rest_route=\/wp\/v2\/posts\/85000\/revisions\/85002"}],"wp:featuredmedia":[{"embeddable":true,"href":"https:\/\/notiissa.mx\/index.php?rest_route=\/wp\/v2\/media\/85001"}],"wp:attachment":[{"href":"https:\/\/notiissa.mx\/index.php?rest_route=%2Fwp%2Fv2%2Fmedia&parent=85000"}],"wp:term":[{"taxonomy":"category","embeddable":true,"href":"https:\/\/notiissa.mx\/index.php?rest_route=%2Fwp%2Fv2%2Fcategories&post=85000"},{"taxonomy":"post_tag","embeddable":true,"href":"https:\/\/notiissa.mx\/index.php?rest_route=%2Fwp%2Fv2%2Ftags&post=85000"}],"curies":[{"name":"wp","href":"https:\/\/api.w.org\/{rel}","templated":true}]}}