{"id":8498,"date":"2016-01-03T19:06:23","date_gmt":"2016-01-03T19:06:23","guid":{"rendered":"http:\/\/notiissa.mx\/?p=8498"},"modified":"2016-01-03T19:06:23","modified_gmt":"2016-01-03T19:06:23","slug":"lider-de-la-cnc-demanda-atender-a-la-juventud-del-campo","status":"publish","type":"post","link":"https:\/\/notiissa.mx\/?p=8498","title":{"rendered":"L\u00edder de la CNC demanda atender a la Juventud del Campo"},"content":{"rendered":"<p id=\"yui_3_16_0_1_1451842163534_13885\" class=\"yiv6755923251\"><span id=\"yui_3_16_0_1_1451842163534_13887\">\u00b7<span id=\"yui_3_16_0_1_1451842163534_13886\">\u00a0\u00a0\u00a0\u00a0\u00a0\u00a0\u00a0 <\/span><\/span><span id=\"yui_3_16_0_1_1451842163534_13884\">De no atenderse, la situaci\u00f3n ser\u00e1 \u201cdesoladora\u201d y con peligro para la soberan\u00eda y seguridad alimentaria de M\u00e9xico.<\/span><\/p>\n<hr \/>\n<p class=\"yiv6755923251\">\n<p id=\"yui_3_16_0_1_1451842163534_13879\" class=\"yiv6755923251\">\u00b7\u00a0\u00a0\u00a0\u00a0\u00a0\u00a0\u00a0 <span id=\"yui_3_16_0_1_1451842163534_13878\">Se apoya poco con programas gubernamentales a los j\u00f3venes del agro.<\/span><\/p>\n<hr \/>\n<p class=\"yiv6755923251\">\n<p id=\"yui_3_16_0_1_1451842163534_13881\" class=\"yiv6755923251\">\u00b7\u00a0\u00a0\u00a0\u00a0\u00a0\u00a0\u00a0 <span id=\"yui_3_16_0_1_1451842163534_13880\">Lista la conmemoraci\u00f3n del 101 Aniversario de la Ley Agraria del 6 de enero en Veracruz.<\/span><\/p>\n<hr \/>\n<p class=\"yiv6755923251\">\n<p id=\"yui_3_16_0_1_1451842163534_13893\" class=\"yiv6755923251MsoNormal\" style=\"text-align: justify;\"><span id=\"yui_3_16_0_1_1451842163534_13892\">Manuel Cota Jim\u00e9nez, presidente de la Confederaci\u00f3n Nacional Campesina, advirti\u00f3 hoy de una pr\u00f3xima crisis estructural en el sector rural de no atenderse a tiempo el peligro que representa el envejecimiento de la poblaci\u00f3n del campo y llam\u00f3 a los j\u00f3venes de la Vanguardia Juvenil Agrarista a enfrentar este grave problema para el pa\u00eds.<\/span><\/p>\n<p id=\"yui_3_16_0_1_1451842163534_13895\" class=\"yiv6755923251MsoNormal\" style=\"text-align: justify;\"><span id=\"yui_3_16_0_1_1451842163534_13894\">Aunado a lo anterior, dijo, es necesario reforzar el acceso de los j\u00f3venes a los apoyos gubernamentales en el medio rural, porque han disminuido las oportunidades para buscar una vida mejor, prueba de ello es que las estad\u00edsticas reflejan que el 60 % de los programas entregados en el agro son recibidos por productores mayores de 50 a\u00f1os, mientras que los propietarios m\u00e1s j\u00f3venes reciben solo el 5 %. <\/span><\/p>\n<p id=\"yui_3_16_0_1_1451842163534_13897\" class=\"yiv6755923251MsoNormal\" style=\"text-align: justify;\"><span id=\"yui_3_16_0_1_1451842163534_13896\">En la v\u00edspera para conmemorar el 101 Aniversario de la promulgaci\u00f3n de la Ley Agraria del 6 de Enero de 1915 en Veracruz, el l\u00edder de la CNC manifest\u00f3 que en el congreso de la VJA que se realizar\u00e1 en el puerto veracruzano el pr\u00f3ximo martes, la nueva dirigencia del duranguense Kevin Rocha Enr\u00edquez para el per\u00edodo 2016\u20142020 tome en cuenta que el reemplazo por generaciones j\u00f3venes se convierte en una necesidad urgente\u00a0 para el medio rural.<\/span><\/p>\n<p id=\"yui_3_16_0_1_1451842163534_13899\" class=\"yiv6755923251MsoNormal\" style=\"text-align: justify;\"><span id=\"yui_3_16_0_1_1451842163534_13898\">De ah\u00ed, explic\u00f3, la importancia de elevar a nivel legal la b\u00fasqueda por la radicaci\u00f3n de los j\u00f3venes en su lugar de origen como un objetivo de las pol\u00edticas p\u00fablicas para el desarrollo rural sustentable y como finalidad del Presupuesto Especial Concurrente, propuesta que en su calidad de presidente de la Comisi\u00f3n de Agricultura y Ganader\u00eda del Senado de la Rep\u00fablica hizo recientemente a trav\u00e9s de un proyecto de Decreto para que la juventud agrarista se arraigue en el campo para darle vialidad a las actividades del sector primario.<\/span><\/p>\n<p id=\"yui_3_16_0_1_1451842163534_13901\" class=\"yiv6755923251MsoNormal\" style=\"text-align: justify;\"><span id=\"yui_3_16_0_1_1451842163534_13900\">Entre los argumentos del senador por el estado de Nayarit destaca que el crecimiento de la poblaci\u00f3n rural que tiene entre 55 a 59 a\u00f1os de edad es del 50 %, mientras que no supera el 20 % los mexicanos que tienen de 4 a 34 a\u00f1os. Lo anterior anuncia que en una d\u00e9cada m\u00e1s el primer rango estar\u00e1 por concluir su etapa productiva, lo que, sumado a los procesos migratorios en M\u00e9xico, \u201cdestruye al campo mexicano de forma silenciosa a\u00f1o con a\u00f1o\u201d.<\/span><\/p>\n<p id=\"yui_3_16_0_1_1451842163534_13903\" class=\"yiv6755923251MsoNormal\" style=\"text-align: justify;\"><span id=\"yui_3_16_0_1_1451842163534_13902\">Para el l\u00edder de la CNC, las estad\u00edsticas son su principal base de advertencia, pues <a rel=\"nofollow\" name=\"_GoBack\"><\/a>actualmente el 13 % de la poblaci\u00f3n nacional trabaja en Estados Unidos y de este porcentaje cerca del 82 % es poblaci\u00f3n campesina, sector que hace 65 a\u00f1os representaba m\u00e1s de la mitad de los mexicanos y que en la actualidad s\u00f3lo significa el 21 %, ritmo que de continuar, seg\u00fan el Banco Mundial, las poblaciones rurales quedar\u00e1n desiertas en pocos a\u00f1os, poniendo en riesgo la soberan\u00eda y seguridad alimentaria de M\u00e9xico.<\/span><\/p>\n<p class=\"yiv6755923251MsoNormal\" style=\"text-align: justify;\">Pero las estad\u00edsticas no mienten, \u201centre mayor es el grado de marginaci\u00f3n en el medio rural, mayor es la tenencia migratoria de los j\u00f3venes\u201d, flujo que ser\u00e1 incontenible si los j\u00f3venes del campo no son atendidos con oportunidad, resalt\u00f3 el dirigente de la CNC.<\/p>\n<p id=\"yui_3_16_0_1_1451842163534_13905\" class=\"yiv6755923251MsoNormal\" style=\"text-align: justify;\"><span id=\"yui_3_16_0_1_1451842163534_13904\">En consecuencia, concluy\u00f3,\u00a0 \u201cla realidad del campo se estima desoladora si no se logra un cambio generacional importante en la poblaci\u00f3n rural\u201d, por lo que resulta trascendente empezar a atender el problema de la transici\u00f3n general con la modificaci\u00f3n de la Ley General de Desarrollo Rural Sustentable, a fin de dar prioridad al arraigo de los j\u00f3venes en sus lugares de origen con los correspondientes apoyos que demandan.<\/span><\/p>\n","protected":false},"excerpt":{"rendered":"<p>\u00b7\u00a0\u00a0\u00a0\u00a0\u00a0\u00a0\u00a0 De no atenderse, la situaci\u00f3n ser\u00e1 \u201cdesoladora\u201d y con peligro para la soberan\u00eda y seguridad alimentaria de M\u00e9xico. \u00b7\u00a0\u00a0\u00a0\u00a0\u00a0\u00a0\u00a0 Se apoya poco con programas gubernamentales a los j\u00f3venes del agro. \u00b7\u00a0\u00a0\u00a0\u00a0\u00a0\u00a0\u00a0 Lista la conmemoraci\u00f3n del 101 Aniversario de la Ley Agraria del 6 de enero en Veracruz. Manuel Cota Jim\u00e9nez, presidente de la Confederaci\u00f3n [&hellip;]<\/p>\n","protected":false},"author":1,"featured_media":8499,"comment_status":"open","ping_status":"open","sticky":false,"template":"","format":"standard","meta":{"rop_custom_images_group":[],"rop_custom_messages_group":[],"rop_publish_now":"initial","rop_publish_now_accounts":[],"rop_publish_now_history":[],"rop_publish_now_status":"pending","footnotes":""},"categories":[61],"tags":[23],"class_list":["post-8498","post","type-post","status-publish","format-standard","has-post-thumbnail","hentry","category-economia","tag-destacado"],"_links":{"self":[{"href":"https:\/\/notiissa.mx\/index.php?rest_route=\/wp\/v2\/posts\/8498","targetHints":{"allow":["GET"]}}],"collection":[{"href":"https:\/\/notiissa.mx\/index.php?rest_route=\/wp\/v2\/posts"}],"about":[{"href":"https:\/\/notiissa.mx\/index.php?rest_route=\/wp\/v2\/types\/post"}],"author":[{"embeddable":true,"href":"https:\/\/notiissa.mx\/index.php?rest_route=\/wp\/v2\/users\/1"}],"replies":[{"embeddable":true,"href":"https:\/\/notiissa.mx\/index.php?rest_route=%2Fwp%2Fv2%2Fcomments&post=8498"}],"version-history":[{"count":1,"href":"https:\/\/notiissa.mx\/index.php?rest_route=\/wp\/v2\/posts\/8498\/revisions"}],"predecessor-version":[{"id":8500,"href":"https:\/\/notiissa.mx\/index.php?rest_route=\/wp\/v2\/posts\/8498\/revisions\/8500"}],"wp:featuredmedia":[{"embeddable":true,"href":"https:\/\/notiissa.mx\/index.php?rest_route=\/wp\/v2\/media\/8499"}],"wp:attachment":[{"href":"https:\/\/notiissa.mx\/index.php?rest_route=%2Fwp%2Fv2%2Fmedia&parent=8498"}],"wp:term":[{"taxonomy":"category","embeddable":true,"href":"https:\/\/notiissa.mx\/index.php?rest_route=%2Fwp%2Fv2%2Fcategories&post=8498"},{"taxonomy":"post_tag","embeddable":true,"href":"https:\/\/notiissa.mx\/index.php?rest_route=%2Fwp%2Fv2%2Ftags&post=8498"}],"curies":[{"name":"wp","href":"https:\/\/api.w.org\/{rel}","templated":true}]}}