{"id":84979,"date":"2025-10-09T09:34:17","date_gmt":"2025-10-09T15:34:17","guid":{"rendered":"https:\/\/notiissa.mx\/?p=84979"},"modified":"2025-10-09T09:34:17","modified_gmt":"2025-10-09T15:34:17","slug":"presentes-artesanos-de-chihuahua-en-el-design-week-mexico","status":"publish","type":"post","link":"https:\/\/notiissa.mx\/?p=84979","title":{"rendered":"Presentes Artesanos de Chihuahua en el Design Week M\u00e9xico"},"content":{"rendered":"<p><strong>-Por primera vez, artesanos ceramistas del poblado de Mata Ortiz, municipio de Casas Grandes, participaron en esta vitrina internacional.<\/strong><\/p>\n<hr \/>\n<p><strong>Ciudad de Chihuahua.-<\/strong> El talento artesanal local se hizo presente en la 17\u00aa edici\u00f3n de Design Week M\u00e9xico 2025, uno de los eventos m\u00e1s importantes del calendario cultural y creativo del pa\u00eds, que se celebra en la Ciudad de M\u00e9xico bajo el lema \u201cDise\u00f1ado en M\u00e9xico\u201d.<\/p>\n<p>Este encuentro tiene como objetivo empoderar a la comunidad creativa y enaltecer el dise\u00f1o nacional, como motor de transformaci\u00f3n econ\u00f3mica, social y cultural.<\/p>\n<p>El evento reuni\u00f3 a arquitectos, dise\u00f1adores, artistas y artesanos de M\u00e9xico y el mundo, en una plataforma de intercambio que trasciende fronteras.<\/p>\n<p>Por primera vez, artesanos ceramistas del poblado de Mata Ortiz, municipio de Casas Grandes, participaron en esta vitrina internacional.<\/p>\n<p>Las artistas Paula Gallegos Bugarini y Tati Ortiz presentaron una obra colaborativa junto con el despacho de arquitectura C C\u00fabica, bajo la direcci\u00f3n de Andrea Cesarman, fundadora de Design Week M\u00e9xico.<\/p>\n<p>La pieza titulada \u201cRa\u00edz de luz, voz de Mata Ortiz\u201d, est\u00e1 conformada por cinco elementos elaborados con distintas t\u00e9cnicas (dos de cada artesana y una secci\u00f3n central creada en conjunto), que representan la uni\u00f3n entre tradici\u00f3n, dise\u00f1o contempor\u00e1neo e identidad cultural.<\/p>\n<p>La obra ser\u00e1 exhibida en el Museo Nacional de Antropolog\u00eda dentro del programa \u201cVisi\u00f3n y Tradici\u00f3n\u201d, que permanecer\u00e1 abierta al p\u00fablico hasta el 2 de noviembre.<\/p>\n<p>Esta participaci\u00f3n fue posible gracias al acompa\u00f1amiento de Artlux, encabezado por Martha Granados Trespalacios, as\u00ed como al respaldo y facilidades otorgadas por el Gobierno del Estado de Chihuahua, a trav\u00e9s de la Coordinaci\u00f3n de Relaciones P\u00fablicas, Fomento y Desarrollo Artesanal del Estado de Chihuahua (Fodarch).<\/p>\n<p>&nbsp;<\/p>\n","protected":false},"excerpt":{"rendered":"<p>-Por primera vez, artesanos ceramistas del poblado de Mata Ortiz, municipio de Casas Grandes, participaron en esta vitrina internacional. Ciudad de Chihuahua.- El talento artesanal local se hizo presente en la 17\u00aa edici\u00f3n de Design Week M\u00e9xico 2025, uno de los eventos m\u00e1s importantes del calendario cultural y creativo del pa\u00eds, que se celebra en [&hellip;]<\/p>\n","protected":false},"author":1,"featured_media":84980,"comment_status":"closed","ping_status":"open","sticky":false,"template":"","format":"standard","meta":{"rop_custom_images_group":[],"rop_custom_messages_group":[],"rop_publish_now":"initial","rop_publish_now_accounts":[],"rop_publish_now_history":[],"rop_publish_now_status":"pending","footnotes":""},"categories":[67,62,64,72],"tags":[],"class_list":["post-84979","post","type-post","status-publish","format-standard","has-post-thumbnail","hentry","category-ciudad","category-cultura","category-educacion","category-estado"],"_links":{"self":[{"href":"https:\/\/notiissa.mx\/index.php?rest_route=\/wp\/v2\/posts\/84979","targetHints":{"allow":["GET"]}}],"collection":[{"href":"https:\/\/notiissa.mx\/index.php?rest_route=\/wp\/v2\/posts"}],"about":[{"href":"https:\/\/notiissa.mx\/index.php?rest_route=\/wp\/v2\/types\/post"}],"author":[{"embeddable":true,"href":"https:\/\/notiissa.mx\/index.php?rest_route=\/wp\/v2\/users\/1"}],"replies":[{"embeddable":true,"href":"https:\/\/notiissa.mx\/index.php?rest_route=%2Fwp%2Fv2%2Fcomments&post=84979"}],"version-history":[{"count":1,"href":"https:\/\/notiissa.mx\/index.php?rest_route=\/wp\/v2\/posts\/84979\/revisions"}],"predecessor-version":[{"id":84981,"href":"https:\/\/notiissa.mx\/index.php?rest_route=\/wp\/v2\/posts\/84979\/revisions\/84981"}],"wp:featuredmedia":[{"embeddable":true,"href":"https:\/\/notiissa.mx\/index.php?rest_route=\/wp\/v2\/media\/84980"}],"wp:attachment":[{"href":"https:\/\/notiissa.mx\/index.php?rest_route=%2Fwp%2Fv2%2Fmedia&parent=84979"}],"wp:term":[{"taxonomy":"category","embeddable":true,"href":"https:\/\/notiissa.mx\/index.php?rest_route=%2Fwp%2Fv2%2Fcategories&post=84979"},{"taxonomy":"post_tag","embeddable":true,"href":"https:\/\/notiissa.mx\/index.php?rest_route=%2Fwp%2Fv2%2Ftags&post=84979"}],"curies":[{"name":"wp","href":"https:\/\/api.w.org\/{rel}","templated":true}]}}