{"id":84935,"date":"2025-10-08T11:55:28","date_gmt":"2025-10-08T17:55:28","guid":{"rendered":"https:\/\/notiissa.mx\/?p=84935"},"modified":"2025-10-08T11:55:28","modified_gmt":"2025-10-08T17:55:28","slug":"rechaza-olson-imposiciones-ideologicas-en-escuelas","status":"publish","type":"post","link":"https:\/\/notiissa.mx\/?p=84935","title":{"rendered":"Rechaza Olson imposiciones ideol\u00f3gicas en escuelas"},"content":{"rendered":"<p><strong>Chihuahua.-<\/strong> El diputado Carlos Olson San Vicente afirm\u00f3 que su iniciativa para fomentar el uso correcto del idioma espa\u00f1ol en las escuelas de Chihuahua representa la voz de millones de mexicanos que rechazan las imposiciones ideol\u00f3gicas disfrazadas de inclusi\u00f3n.<\/p>\n<p>Tras la aprobaci\u00f3n de la reforma que convierte a Chihuahua en el primer estado del pa\u00eds en limitar el uso del lenguaje inclusivo en el sistema educativo, Olson destac\u00f3 que esta medida no busca censurar, sino preservar la claridad del lenguaje, fortalecer el pensamiento cr\u00edtico y proteger la libertad educativa.<\/p>\n<p>\u201cDefender el idioma no es conservadurismo, es defender nuestra libertad. Ense\u00f1ar bien a hablar es ense\u00f1ar bien a pensar\u201d, expres\u00f3 el legislador.<\/p>\n<p>El diputado panista se\u00f1al\u00f3 que el lenguaje inclusivo no resuelve los verdaderos problemas de desigualdad ni genera respeto entre las personas, sino que distorsiona la capacidad expresiva del espa\u00f1ol y empobrece la ense\u00f1anza.<\/p>\n<p>Olson enfatiz\u00f3 que el objetivo de la reforma es fortalecer la educaci\u00f3n en valores, en libertad y con base cient\u00edfica, no imponer visiones ideol\u00f3gicas ajenas a la cultura mexicana.<\/p>\n<p>\u201cSoy la voz de los mexicanos que est\u00e1n hartos de imposiciones ideol\u00f3gicas. Chihuahua demostr\u00f3 que se puede defender la identidad, la raz\u00f3n y el sentido com\u00fan sin ceder ante modas pol\u00edticas.\u201d<\/p>\n<p>Con esta iniciativa, Chihuahua marca un precedente nacional en defensa del idioma y la educaci\u00f3n.<\/p>\n","protected":false},"excerpt":{"rendered":"<p>Chihuahua.- El diputado Carlos Olson San Vicente afirm\u00f3 que su iniciativa para fomentar el uso correcto del idioma espa\u00f1ol en las escuelas de Chihuahua representa la voz de millones de mexicanos que rechazan las imposiciones ideol\u00f3gicas disfrazadas de inclusi\u00f3n. Tras la aprobaci\u00f3n de la reforma que convierte a Chihuahua en el primer estado del pa\u00eds [&hellip;]<\/p>\n","protected":false},"author":1,"featured_media":84936,"comment_status":"closed","ping_status":"open","sticky":false,"template":"","format":"standard","meta":{"rop_custom_images_group":[],"rop_custom_messages_group":[],"rop_publish_now":"initial","rop_publish_now_accounts":[],"rop_publish_now_history":[],"rop_publish_now_status":"pending","footnotes":""},"categories":[67,72],"tags":[23],"class_list":["post-84935","post","type-post","status-publish","format-standard","has-post-thumbnail","hentry","category-ciudad","category-estado","tag-destacado"],"_links":{"self":[{"href":"https:\/\/notiissa.mx\/index.php?rest_route=\/wp\/v2\/posts\/84935","targetHints":{"allow":["GET"]}}],"collection":[{"href":"https:\/\/notiissa.mx\/index.php?rest_route=\/wp\/v2\/posts"}],"about":[{"href":"https:\/\/notiissa.mx\/index.php?rest_route=\/wp\/v2\/types\/post"}],"author":[{"embeddable":true,"href":"https:\/\/notiissa.mx\/index.php?rest_route=\/wp\/v2\/users\/1"}],"replies":[{"embeddable":true,"href":"https:\/\/notiissa.mx\/index.php?rest_route=%2Fwp%2Fv2%2Fcomments&post=84935"}],"version-history":[{"count":1,"href":"https:\/\/notiissa.mx\/index.php?rest_route=\/wp\/v2\/posts\/84935\/revisions"}],"predecessor-version":[{"id":84937,"href":"https:\/\/notiissa.mx\/index.php?rest_route=\/wp\/v2\/posts\/84935\/revisions\/84937"}],"wp:featuredmedia":[{"embeddable":true,"href":"https:\/\/notiissa.mx\/index.php?rest_route=\/wp\/v2\/media\/84936"}],"wp:attachment":[{"href":"https:\/\/notiissa.mx\/index.php?rest_route=%2Fwp%2Fv2%2Fmedia&parent=84935"}],"wp:term":[{"taxonomy":"category","embeddable":true,"href":"https:\/\/notiissa.mx\/index.php?rest_route=%2Fwp%2Fv2%2Fcategories&post=84935"},{"taxonomy":"post_tag","embeddable":true,"href":"https:\/\/notiissa.mx\/index.php?rest_route=%2Fwp%2Fv2%2Ftags&post=84935"}],"curies":[{"name":"wp","href":"https:\/\/api.w.org\/{rel}","templated":true}]}}