{"id":84917,"date":"2025-10-08T09:56:59","date_gmt":"2025-10-08T15:56:59","guid":{"rendered":"https:\/\/notiissa.mx\/?p=84917"},"modified":"2025-10-08T09:56:59","modified_gmt":"2025-10-08T15:56:59","slug":"elige-coparmex-su-consejo-directivo-2025-2026","status":"publish","type":"post","link":"https:\/\/notiissa.mx\/?p=84917","title":{"rendered":"Elige COPARMEX su Consejo Directivo 2025-2026"},"content":{"rendered":"<p><strong>\u2022 Jorge Trevi\u00f1o presidir\u00e1 un a\u00f1o m\u00e1s la Mesa Directiva.<\/strong><br \/>\n<strong>\u2022 Rinden homenaje a V\u00edctor Cruz Russek, gran aliado del sector empresarial, con un minuto de aplausos.<\/strong><\/p>\n<hr \/>\n<p><strong>Chihuahua.-<\/strong> En el marco de la Asamblea Ordinaria Electiva y con la participaci\u00f3n mayoritaria de los socios del Sindicato Patronal, fue elegido el Consejo Directivo de COPARMEX Chihuahua para el periodo 2025-2026, el cual ser\u00e1 presidido por segundo a\u00f1o consecutivo por el Ing. Jorge Adolfo Trevi\u00f1o Portilla.<\/p>\n<p>En su mensaje, Trevi\u00f1o Portilla agradeci\u00f3 la confianza depositada por los empresarios agremiados para encabezar nuevamente los trabajos del organismo. Refrend\u00f3 su compromiso de poner su m\u00e1ximo empe\u00f1o en fortalecer las acciones y proyectos en marcha, as\u00ed como en consolidar el papel de COPARMEX.<\/p>\n<p>Durante la Asamblea, el Consejo Directivo rindi\u00f3 un sentido homenaje a la memoria de V\u00edctor Cruz Russek, reconocido empresario, socio y aliado fundamental de COPARMEX Chihuahua, recientemente fallecido. El presidente destac\u00f3 su trayectoria ejemplar y lo describi\u00f3 como \u201cgran persona, gran amigo y gran empresario, con una visi\u00f3n a largo plazo incre\u00edble\u201d, subrayando no solo sus logros en el \u00e1mbito empresarial, sino tambi\u00e9n su compromiso con el desarrollo social de la entidad. Asimismo, resalt\u00f3 el profundo v\u00ednculo que la familia Cruz ha mantenido con COPARMEX a lo largo de su historia, con tres de sus integrantes como expresidentes del organismo y dos consejeros actualmente en funciones, lo que refleja su permanente compromiso con el fortalecimiento del sector productivo.<\/p>\n<p>Trevi\u00f1o record\u00f3 adem\u00e1s una de las frases m\u00e1s representativas de Cruz Russek: \u201cSoy de Chihuahua y aqu\u00ed me quedo\u201d, pronunciada en tiempos dif\u00edciles marcados por la inseguridad, expresi\u00f3n que refleja su amor por la ciudad y su decisi\u00f3n inquebrantable de apostar por ella. Su mensaje, afirm\u00f3 el presidente, transmit\u00eda fortaleza y respaldo a quienes lo escuchaban. El homenaje concluy\u00f3 con un minuto de aplausos en su memoria.<\/p>\n<p>Posteriormente, se present\u00f3 el informe financiero del Centro Empresarial, as\u00ed como los resultados de la elecci\u00f3n de Presidencia y Consejo Directivo. El titular de la Comisi\u00f3n Electoral, Salvador Carrejo Orozco, inform\u00f3 que la aprobaci\u00f3n fue por mayor\u00eda. Tambi\u00e9n fueron elegidos consejeros invitados, as\u00ed como comisario titular y suplente, quienes resultaron electos por unanimidad.<\/p>\n<p><strong>El nuevo Consejo Directivo estar\u00e1 integrado por:<\/strong><\/p>\n<p>1. Jorge Trevi\u00f1o Portilla, Presidente<br \/>\n2. Gabriel Alejandro Trevizo Lic\u00f3n, vocal<br \/>\n3. Gilberto S\u00e1nchez Esparza, vocal<br \/>\n4. Alonso Ramos Vaca, vocal<br \/>\n5. Zabdi Alejandro Arvizo Mu\u00f1oz, vocal<br \/>\n6. Arturo Chretin S\u00e1enz, vocal<br \/>\n7. Mar\u00eda del Consuelo M\u00e1rquez G\u00e1ndara, vocal<br \/>\n8. C\u00e9sar Am\u00f3n Zabre Arag\u00f3n, vocal<br \/>\n9. Manuel V\u00edctor Cruz Fierro, vocal<br \/>\n10. Enrique Marcos Abularach, vocal<br \/>\n11. Francisco Armend\u00e1riz Delgado, vocal<br \/>\n12. Alberto Ch\u00e1vez Ch\u00e1vez, vocal<br \/>\n13. Luis Ferreiro Ma\u00edz, vocal<br \/>\n14. Miguel Guerrero El\u00edas, vocal<br \/>\n15. Juan Carlos Moreno Jasso, vocal<br \/>\n16. V\u00edctor Manuel G\u00f3mez C\u00e9spedes, vocal<br \/>\n17. Miguel Alberto Barrag\u00e1n Pacheco, vocal<br \/>\n18. Jos\u00e9 Antonio Ferreiro Ma\u00edz, vocal<\/p>\n<p>19. Antonio Mois\u00e9s Morales, vocal<br \/>\n20. Ricardo Kalisch Seyffert, vocal<br \/>\n21. Lilia Martha Burrola Almanza, vocal<br \/>\n22. Francisco Arturo Gonz\u00e1lez Ram\u00edrez, vocal<br \/>\n23. Andr\u00e9s El\u00edas Gonz\u00e1lez, vocal<br \/>\n24. Elisa Sandoval Baca, vocal<br \/>\n25. Eloy Vallina Miramontes, vocal<br \/>\n26. Ra\u00fal de la Paz Parga, vocal<br \/>\n27. Juan Jos\u00e9 Camacho G\u00f3mez, vocal<br \/>\n28. Joaqu\u00edn Mesta Falomir, vocal<br \/>\n29. Alfredo Issa Holgu\u00edn, vocal<br \/>\n30. Ana Paula M\u00e9ndez Salcedo, vocal<br \/>\n31. Juan Ignacio Medina Karo, vocal<br \/>\n32. Rosa Mar\u00eda Lobo Guerrero Ch\u00e1vez, vocal<br \/>\n33. Paula Alejandra Cruz, vocal<br \/>\n34. Luis Carlos Ram\u00edrez Ch\u00e1vez Comisario<br \/>\n35. \u00d3scar Luis Alv\u00eddrez Morales Comisario Suplente<\/p>\n<p>Consejeros invitados por comisiones de trabajo<\/p>\n<p>1. Roberto Bernadez Pi\u00f1\u00f3n<br \/>\n2. Sergio Veruette Amaya<br \/>\n3. Hugo Alonso L\u00f3pez Arzate<\/p>\n","protected":false},"excerpt":{"rendered":"<p>\u2022 Jorge Trevi\u00f1o presidir\u00e1 un a\u00f1o m\u00e1s la Mesa Directiva. \u2022 Rinden homenaje a V\u00edctor Cruz Russek, gran aliado del sector empresarial, con un minuto de aplausos. Chihuahua.- En el marco de la Asamblea Ordinaria Electiva y con la participaci\u00f3n mayoritaria de los socios del Sindicato Patronal, fue elegido el Consejo Directivo de COPARMEX Chihuahua [&hellip;]<\/p>\n","protected":false},"author":1,"featured_media":84918,"comment_status":"closed","ping_status":"open","sticky":false,"template":"","format":"standard","meta":{"rop_custom_images_group":[],"rop_custom_messages_group":[],"rop_publish_now":"initial","rop_publish_now_accounts":[],"rop_publish_now_history":[],"rop_publish_now_status":"pending","footnotes":""},"categories":[67,61,72],"tags":[23],"class_list":["post-84917","post","type-post","status-publish","format-standard","has-post-thumbnail","hentry","category-ciudad","category-economia","category-estado","tag-destacado"],"_links":{"self":[{"href":"https:\/\/notiissa.mx\/index.php?rest_route=\/wp\/v2\/posts\/84917","targetHints":{"allow":["GET"]}}],"collection":[{"href":"https:\/\/notiissa.mx\/index.php?rest_route=\/wp\/v2\/posts"}],"about":[{"href":"https:\/\/notiissa.mx\/index.php?rest_route=\/wp\/v2\/types\/post"}],"author":[{"embeddable":true,"href":"https:\/\/notiissa.mx\/index.php?rest_route=\/wp\/v2\/users\/1"}],"replies":[{"embeddable":true,"href":"https:\/\/notiissa.mx\/index.php?rest_route=%2Fwp%2Fv2%2Fcomments&post=84917"}],"version-history":[{"count":1,"href":"https:\/\/notiissa.mx\/index.php?rest_route=\/wp\/v2\/posts\/84917\/revisions"}],"predecessor-version":[{"id":84919,"href":"https:\/\/notiissa.mx\/index.php?rest_route=\/wp\/v2\/posts\/84917\/revisions\/84919"}],"wp:featuredmedia":[{"embeddable":true,"href":"https:\/\/notiissa.mx\/index.php?rest_route=\/wp\/v2\/media\/84918"}],"wp:attachment":[{"href":"https:\/\/notiissa.mx\/index.php?rest_route=%2Fwp%2Fv2%2Fmedia&parent=84917"}],"wp:term":[{"taxonomy":"category","embeddable":true,"href":"https:\/\/notiissa.mx\/index.php?rest_route=%2Fwp%2Fv2%2Fcategories&post=84917"},{"taxonomy":"post_tag","embeddable":true,"href":"https:\/\/notiissa.mx\/index.php?rest_route=%2Fwp%2Fv2%2Ftags&post=84917"}],"curies":[{"name":"wp","href":"https:\/\/api.w.org\/{rel}","templated":true}]}}