{"id":84787,"date":"2025-10-05T19:16:34","date_gmt":"2025-10-06T01:16:34","guid":{"rendered":"https:\/\/notiissa.mx\/?p=84787"},"modified":"2025-10-05T19:17:54","modified_gmt":"2025-10-06T01:17:54","slug":"grupo-pinero-dia-mundial-del-turismo-con-un-turismo-con-proposito","status":"publish","type":"post","link":"https:\/\/notiissa.mx\/?p=84787","title":{"rendered":"Grupo Pi\u00f1ero: \u201c Por un Turismo y transformaci\u00f3n sostenible\u201d"},"content":{"rendered":"<p class=\"yiv5180736797MsoNormal\" style=\"text-align: left;\" align=\"center\"><b><span lang=\"es\">Y desarrolla iniciativas sociales, educativas y ambientales.<\/span><\/b><\/p>\n<p class=\"yiv5180736797gmail-MsoListParagraphCxSpFirst\"><strong><span lang=\"es\">\u00b7<\/span><i><span lang=\"es\">La compa\u00f1\u00eda se suma al lema \u201cTurismo y transformaci\u00f3n sostenible\u201d con acciones en sus diferentes destinos en apoyo a las personas y al medioambiente.<\/span><\/i><\/strong><\/p>\n<p class=\"yiv5180736797gmail-MsoListParagraphCxSpLast\"><strong><span lang=\"es\">\u00b7<\/span><i><span lang=\"es\">Las iniciativas abarcan desde la entrega de material escolar y programas de inclusi\u00f3n, hasta proyectos de forestaci\u00f3n y sensibilizaci\u00f3n ambiental.<\/span><\/i><\/strong><\/p>\n<hr \/>\n<p class=\"yiv5180736797MsoNormal\"><b><i><span lang=\"es\">Riviera Maya.-<\/span><\/i><\/b><span lang=\"es\">\u00a0Coincidiendo con la celebraci\u00f3n del D\u00eda Mundial del Turismo, cuyo lema este a\u00f1o es \u201c<b><i>Turismo y transformaci\u00f3n sostenible\u201d,<\/i><\/b> Grupo Pi\u00f1ero ha realizado <\/span><span lang=\"es\">diferentes acciones en favor de las personas y el planeta.<\/span><\/p>\n<p class=\"yiv5180736797MsoNormal\"><span lang=\"ES\">En el \u00e1mbito educativo, la compa\u00f1\u00eda ha impulsado la entrega de material escolar. <\/span><span lang=\"es\">En el marco del D\u00eda Mundial del Turismo, Grupo Pi\u00f1ero reafirma en M\u00e9xico su compromiso con la educaci\u00f3n y el desarrollo de talento local, fortaleciendo la vinculaci\u00f3n con instituciones acad\u00e9micas como el CECyTE. Como parte de esta acci\u00f3n, se realiz\u00f3 una donaci\u00f3n destinada a enriquecer la formaci\u00f3n de la carrera de Hoteler\u00eda (A&amp;B), con la entrega de plaque, mesas, sillas y vajilla de lento movimiento, as\u00ed como la carrera de Aire Acondicionado y Refrigeraci\u00f3n, con equipos de baja, evaporadoras, condensadoras, herramientas, minisplits y refrigerantes. Una iniciativa que refleja el compromiso del Grupo de impulsar la capacitaci\u00f3n pr\u00e1ctica de los estudiantes y prepararlos para un futuro profesional m\u00e1s s\u00f3lido en el sector tur\u00edstico.<\/span><\/p>\n<p class=\"yiv5180736797gmail-paragraph\"><span class=\"yiv5180736797gmail-normaltextrun\"><span lang=\"ES\">Asimismo, en Rep\u00fablica Dominicana, las acciones tambi\u00e9n han tenido un fuerte componente cultural y comunitario, con la mejora de infraestructuras en zonas rurales y la restauraci\u00f3n de la Iglesia de Los Cacaos, como parte del compromiso con la conservaci\u00f3n del patrimonio cultural local.\u00a0\u00a0<\/span><\/span><span class=\"yiv5180736797eop\">\u00a0<\/span><\/p>\n<p class=\"yiv5180736797gmail-paragraph\"><span class=\"yiv5180736797gmail-normaltextrun\"><span lang=\"ES\">En Espa\u00f1a, a trav\u00e9s de la colaboraci\u00f3n con la Fundaci\u00f3n Don Bosco en Tenerife, se ha realizado una iniciativa dirigida a j\u00f3venes en riesgo de exclusi\u00f3n social y laboral, ofreci\u00e9ndoles la oportunidad de conocer de cerca el funcionamiento de las empresas tur\u00edsticas, as\u00ed como los distintos perfiles profesionales que conforman el sector.<\/span><\/span><span class=\"yiv5180736797eop\">\u00a0<\/span><\/p>\n<p class=\"yiv5180736797gmail-paragraph\"><span class=\"yiv5180736797gmail-normaltextrun\"><span lang=\"ES\">En el plano medioambiental, Grupo Pi\u00f1ero ha puesto en marcha un programa de forestaci\u00f3n en Mallorca, con la participaci\u00f3n de voluntarios y entidades locales, y ha apoyado la celebraci\u00f3n de una carrera solidaria destinada a recaudar fondos para la lucha contra enfermedades respiratorias cr\u00f3nicas.<\/span><\/span><span class=\"yiv5180736797eop\">\u00a0<\/span><\/p>\n<p class=\"yiv5180736797gmail-paragraph\"><span class=\"yiv5180736797eop\">\u00a0<\/span><span class=\"yiv5180736797gmail-normaltextrun\"><span lang=\"ES\">A trav\u00e9s de estas acciones, la compa\u00f1\u00eda reafirma su compromiso con un turismo que impulsa la inclusi\u00f3n, cuida del medioambiente y contribuye al bienestar de las comunidades locales.<\/span><\/span><span class=\"yiv5180736797eop\">\u00a0<\/span><\/p>\n","protected":false},"excerpt":{"rendered":"<p>Y desarrolla iniciativas sociales, educativas y ambientales. \u00b7La compa\u00f1\u00eda se suma al lema \u201cTurismo y transformaci\u00f3n sostenible\u201d con acciones en sus diferentes destinos en apoyo a las personas y al medioambiente. \u00b7Las iniciativas abarcan desde la entrega de material escolar y programas de inclusi\u00f3n, hasta proyectos de forestaci\u00f3n y sensibilizaci\u00f3n ambiental. Riviera Maya.-\u00a0Coincidiendo con la [&hellip;]<\/p>\n","protected":false},"author":1,"featured_media":84788,"comment_status":"closed","ping_status":"open","sticky":false,"template":"","format":"standard","meta":{"rop_custom_images_group":[],"rop_custom_messages_group":[],"rop_publish_now":"initial","rop_publish_now_accounts":[],"rop_publish_now_history":[],"rop_publish_now_status":"pending","footnotes":""},"categories":[75,67,72,66],"tags":[],"class_list":["post-84787","post","type-post","status-publish","format-standard","has-post-thumbnail","hentry","category-actualidad","category-ciudad","category-estado","category-estilo-de-vida"],"_links":{"self":[{"href":"https:\/\/notiissa.mx\/index.php?rest_route=\/wp\/v2\/posts\/84787","targetHints":{"allow":["GET"]}}],"collection":[{"href":"https:\/\/notiissa.mx\/index.php?rest_route=\/wp\/v2\/posts"}],"about":[{"href":"https:\/\/notiissa.mx\/index.php?rest_route=\/wp\/v2\/types\/post"}],"author":[{"embeddable":true,"href":"https:\/\/notiissa.mx\/index.php?rest_route=\/wp\/v2\/users\/1"}],"replies":[{"embeddable":true,"href":"https:\/\/notiissa.mx\/index.php?rest_route=%2Fwp%2Fv2%2Fcomments&post=84787"}],"version-history":[{"count":3,"href":"https:\/\/notiissa.mx\/index.php?rest_route=\/wp\/v2\/posts\/84787\/revisions"}],"predecessor-version":[{"id":84791,"href":"https:\/\/notiissa.mx\/index.php?rest_route=\/wp\/v2\/posts\/84787\/revisions\/84791"}],"wp:featuredmedia":[{"embeddable":true,"href":"https:\/\/notiissa.mx\/index.php?rest_route=\/wp\/v2\/media\/84788"}],"wp:attachment":[{"href":"https:\/\/notiissa.mx\/index.php?rest_route=%2Fwp%2Fv2%2Fmedia&parent=84787"}],"wp:term":[{"taxonomy":"category","embeddable":true,"href":"https:\/\/notiissa.mx\/index.php?rest_route=%2Fwp%2Fv2%2Fcategories&post=84787"},{"taxonomy":"post_tag","embeddable":true,"href":"https:\/\/notiissa.mx\/index.php?rest_route=%2Fwp%2Fv2%2Ftags&post=84787"}],"curies":[{"name":"wp","href":"https:\/\/api.w.org\/{rel}","templated":true}]}}