{"id":84783,"date":"2025-10-05T18:34:39","date_gmt":"2025-10-06T00:34:39","guid":{"rendered":"https:\/\/notiissa.mx\/?p=84783"},"modified":"2025-10-05T18:35:41","modified_gmt":"2025-10-06T00:35:41","slug":"necesario-fortalecer-la-formacion-de-maestros-de-ingles-en-mexico","status":"publish","type":"post","link":"https:\/\/notiissa.mx\/?p=84783","title":{"rendered":"Necesario fortalecer la formaci\u00f3n de maestros de ingl\u00e9s en M\u00e9xico"},"content":{"rendered":"<p class=\"yiv1270783146MsoNormal\" style=\"text-align: left;\" align=\"center\"><b><span lang=\"es\"><span style=\"color: #073763;\">British Council impulsa \u00a0capacitaci\u00f3n gratuita en el marco del D\u00eda Mundial del Docente.<\/span><\/span><\/b><\/p>\n<p class=\"yiv1270783146MsoNormal\"><b><span lang=\"es\"><span style=\"color: #073763;\">\u00a0<\/span><\/span><\/b><span style=\"color: #073763;\"><span lang=\"es\">\u25cf <\/span><i><span lang=\"es\">Del 9 al 11 de octubre se llevar\u00e1 a cabo World Teachers\u2019 Day 2025, una serie de paneles gratuitos en l\u00ednea impartidos por expertos internacionales sobre innovaci\u00f3n en la ense\u00f1anza del ingl\u00e9s, aulas multiling\u00fces, sostenibilidad en el sal\u00f3n de clases y habilidades del siglo XXI.<\/span><\/i><\/span><\/p>\n<p class=\"yiv1270783146MsoNormal\"><span style=\"color: #073763;\"><span lang=\"es\">\u25cf <\/span><i><span lang=\"es\">De acuerdo con el estudio \u201cThe Future of English: Global Perspectives\u201d del British Council, \u00fanicamente en M\u00e9xico, solo alrededor del 10% de la poblaci\u00f3n escolar en M\u00e9xico cuenta con maestros de ingl\u00e9s, lo que subraya la urgencia de ampliar las oportunidades de formaci\u00f3n y actualizaci\u00f3n docente. <\/span><\/i><\/span><\/p>\n<hr \/>\n<p class=\"yiv1270783146MsoNormal\"><span style=\"color: #073763;\"><b><span lang=\"es\">M\u00e9xico.- <\/span><\/b><span lang=\"es\">M\u00e9xico enfrenta el reto de contar con suficientes docentes de ingl\u00e9s. Seg\u00fan el estudio <\/span><a href=\"https:\/\/www.britishcouncil.org\/future-of-english\" target=\"_blank\" rel=\"nofollow noopener noreferrer\"><i><span lang=\"es\">The Future of English: Global Perspectives<\/span><\/i><\/a><span lang=\"es\"> del British Council,<i> <\/i>en el pa\u00eds solo alrededor del diez por ciento de la poblaci\u00f3n escolar cuenta con maestros de ingl\u00e9s, lo que hace indispensable impulsar su formaci\u00f3n continua para prepararlos ante un entorno educativo en constante transformaci\u00f3n por la tecnolog\u00eda y cambios globales. <\/span><\/span><\/p>\n<p class=\"yiv1270783146MsoNormal\"><span style=\"color: #073763;\"><span lang=\"es\">Ante este contexto, y en el marco del D\u00eda Mundial de las y los Docentes que se celebra el 5 de octubre, el British Council, la organizaci\u00f3n internacional del Reino Unido dedicada a las relaciones educativas y culturales, realizar\u00e1 la conferencia global en l\u00ednea <b>World Teachers\u2019 Day 2025<\/b>. El evento ofrecer\u00e1 paneles interactivos gratuitos dise\u00f1ados para fortalecer las habilidades de ense\u00f1anza, principalmente de maestros de ingl\u00e9s. <\/span><\/span><\/p>\n<p class=\"yiv1270783146MsoNormal\"><span style=\"color: #073763;\"><span lang=\"es\">La conferencia se celebrar\u00e1 del 9 al 11 de octubre bajo el lema \u201cGlobal voices, future focus\u201d, con sesiones interactivas en l\u00ednea dise\u00f1adas para <i>brindar a los docentes herramientas pr\u00e1cticas que puedan aplicar de inmediato en sus aulas<\/i>. Maestros de todo M\u00e9xico podr\u00e1n conectarse con colegas de diferentes pa\u00edses, compartir experiencias y adquirir conocimientos pr\u00e1cticos que podr\u00e1n aplicar en el aula de manera inmediata. Se abordar\u00e1n enfoques innovadores para la ense\u00f1anza digital, la gesti\u00f3n de aulas multiling\u00fces, la integraci\u00f3n de la sostenibilidad en la educaci\u00f3n y el desarrollo de habilidades del siglo XXI. Todos los asistentes recibir\u00e1n un certificado de desarrollo profesional otorgado por el British Council. <\/span><\/span><\/p>\n<p class=\"yiv1270783146MsoNormal\"><span style=\"color: #073763;\"><span lang=\"es\">\u201cNos entusiasma que las y los docentes de M\u00e9xico puedan acceder gratuitamente \u00a0a esta gran oportunidad global de actualizaci\u00f3n, inspiraci\u00f3n y conexi\u00f3n.\u00a0 Con su participaci\u00f3n, no solo se fortalece la ense\u00f1anza del ingl\u00e9s, sino que tambi\u00e9n se impulsa la preparaci\u00f3n de estudiantes mexicanos para enfrentar un futuro m\u00e1s competitivo\u201d, afirm\u00f3 Darren Coyle, director del British Council para M\u00e9xico y el Caribe. <\/span><\/span><\/p>\n<p><b><span style=\"color: #073763;\">Tres d\u00edas para transformar la ense\u00f1anza del ingl\u00e9s<\/span><\/b><\/p>\n<p><span style=\"color: #073763;\">La conferencia World Teachers\u2019 Day 2025 contar\u00e1 con un programa dividido en tres ejes tem\u00e1ticos:<\/span><\/p>\n<p><span style=\"color: #073763;\">\u00a0<\/span><span style=\"color: #073763;\"><span lang=\"es\">\u00b7<\/span><b><span lang=\"es\">9 de octubre &#8211; Innovaci\u00f3n digital en la ense\u00f1anza del ingl\u00e9s. <\/span><\/b><span lang=\"es\">Se abordar\u00e1n <\/span>nuevas formas de capacitar a los docentes en un mundo conectado, uso de inteligencia artificial para fortalecer la confianza de los estudiantes y recursos creativos como narraci\u00f3n digital y proyectos multimedia.<\/span><\/p>\n<p><span style=\"color: #073763;\"><span lang=\"es\">\u00b7<\/span><b><span lang=\"es\">10 de octubre &#8211; Multiling\u00fcismo y habilidades del siglo XXI.<\/span><\/b><span lang=\"es\"> Se compartir\u00e1n estrategias para gestionar aulas diversas, aplicar metodolog\u00edas basadas en proyectos y desarrollar competencias clave como comunicaci\u00f3n, colaboraci\u00f3n y resoluci\u00f3n de problemas en ingl\u00e9s.<\/span><\/span><\/p>\n<p><span style=\"color: #073763;\"><span lang=\"es\">\u00b7<\/span><b><span lang=\"es\">11 de octubre &#8211; Sostenibilidad en la ense\u00f1anza del idioma.<\/span><\/b><span lang=\"es\"> Se explorar\u00e1n pr\u00e1cticas para integrar la conciencia ambiental en el aula, actividades de gamificaci\u00f3n para ense\u00f1ar cambio clim\u00e1tico y din\u00e1micas que vinculan vocabulario en ingl\u00e9s con la soluci\u00f3n de estos retos actuales.<\/span><\/span><\/p>\n<p><span lang=\"es\"><span style=\"color: #073763;\">\u00a0<\/span><\/span><span lang=\"es\"><span style=\"color: #073763;\">Michael Connolly, director de Ingl\u00e9s y Educaci\u00f3n Escolar del \u00a0British Council, destac\u00f3: \u201cesta conferencia es una muestra de \u00a0nuestro compromiso\u00a0 con el crecimiento profesional, la inclusi\u00f3n y la innovaci\u00f3n en la ense\u00f1anza.\u00a0 Unimos a educadores de todos los continentes para explorar temas como la\u00a0 acci\u00f3n clim\u00e1tica, el multiling\u00fcismo y las habilidades del siglo XXI, elementos cruciales para una educaci\u00f3n con visi\u00f3n \u00a0futuro.<\/span><\/span><\/p>\n<p class=\"yiv1270783146MsoNormal\" align=\"center\"><span lang=\"es\"><span style=\"color: #073763;\">\u00a0<\/span><\/span><\/p>\n<p class=\"yiv1270783146MsoNormal\" style=\"text-align: left;\" align=\"center\"><span style=\"color: #073763;\"><span lang=\"es\">La agenda completa, la lista de ponentes y el registro gratuito est\u00e1n disponibles en: <\/span><a href=\"https:\/\/www.teachingenglish.org.uk\/world-teachers-day-2025\" target=\"_blank\" rel=\"nofollow noopener noreferrer\"><span lang=\"es\">www.teachingenglish.org.uk\/world-teachers-day-2025<\/span><\/a><\/span><\/p>\n<p class=\"yiv1270783146MsoNormal\" style=\"text-align: left;\" align=\"center\"><span style=\"color: #073763;\">\u00a0#GlobalVoicesFutureFocus<\/span><\/p>\n<p style=\"text-align: left;\" align=\"center\"><strong>Tarssis Dessavre<\/strong><\/p>\n<p class=\"yiv1270783146MsoNormal\"><span style=\"color: #073763;\">\u00a0<\/span><\/p>\n","protected":false},"excerpt":{"rendered":"<p>British Council impulsa \u00a0capacitaci\u00f3n gratuita en el marco del D\u00eda Mundial del Docente. \u00a0\u25cf Del 9 al 11 de octubre se llevar\u00e1 a cabo World Teachers\u2019 Day 2025, una serie de paneles gratuitos en l\u00ednea impartidos por expertos internacionales sobre innovaci\u00f3n en la ense\u00f1anza del ingl\u00e9s, aulas multiling\u00fces, sostenibilidad en el sal\u00f3n de clases y [&hellip;]<\/p>\n","protected":false},"author":1,"featured_media":84784,"comment_status":"closed","ping_status":"open","sticky":false,"template":"","format":"standard","meta":{"rop_custom_images_group":[],"rop_custom_messages_group":[],"rop_publish_now":"initial","rop_publish_now_accounts":[],"rop_publish_now_history":[],"rop_publish_now_status":"pending","footnotes":""},"categories":[67,64,72,66],"tags":[],"class_list":["post-84783","post","type-post","status-publish","format-standard","has-post-thumbnail","hentry","category-ciudad","category-educacion","category-estado","category-estilo-de-vida"],"_links":{"self":[{"href":"https:\/\/notiissa.mx\/index.php?rest_route=\/wp\/v2\/posts\/84783","targetHints":{"allow":["GET"]}}],"collection":[{"href":"https:\/\/notiissa.mx\/index.php?rest_route=\/wp\/v2\/posts"}],"about":[{"href":"https:\/\/notiissa.mx\/index.php?rest_route=\/wp\/v2\/types\/post"}],"author":[{"embeddable":true,"href":"https:\/\/notiissa.mx\/index.php?rest_route=\/wp\/v2\/users\/1"}],"replies":[{"embeddable":true,"href":"https:\/\/notiissa.mx\/index.php?rest_route=%2Fwp%2Fv2%2Fcomments&post=84783"}],"version-history":[{"count":2,"href":"https:\/\/notiissa.mx\/index.php?rest_route=\/wp\/v2\/posts\/84783\/revisions"}],"predecessor-version":[{"id":84786,"href":"https:\/\/notiissa.mx\/index.php?rest_route=\/wp\/v2\/posts\/84783\/revisions\/84786"}],"wp:featuredmedia":[{"embeddable":true,"href":"https:\/\/notiissa.mx\/index.php?rest_route=\/wp\/v2\/media\/84784"}],"wp:attachment":[{"href":"https:\/\/notiissa.mx\/index.php?rest_route=%2Fwp%2Fv2%2Fmedia&parent=84783"}],"wp:term":[{"taxonomy":"category","embeddable":true,"href":"https:\/\/notiissa.mx\/index.php?rest_route=%2Fwp%2Fv2%2Fcategories&post=84783"},{"taxonomy":"post_tag","embeddable":true,"href":"https:\/\/notiissa.mx\/index.php?rest_route=%2Fwp%2Fv2%2Ftags&post=84783"}],"curies":[{"name":"wp","href":"https:\/\/api.w.org\/{rel}","templated":true}]}}