{"id":84774,"date":"2025-10-05T18:02:43","date_gmt":"2025-10-06T00:02:43","guid":{"rendered":"https:\/\/notiissa.mx\/?p=84774"},"modified":"2025-10-05T18:02:43","modified_gmt":"2025-10-06T00:02:43","slug":"fallece-don-victor-manuel-cruz-russek","status":"publish","type":"post","link":"https:\/\/notiissa.mx\/?p=84774","title":{"rendered":"Fallece don V\u00edctor Manuel Cruz Russek"},"content":{"rendered":"<p><strong>Esposo de la gobernadora Maru Campos.<\/strong><\/p>\n<hr \/>\n<p><strong>Chihuahua.-<\/strong> Gran consternaci\u00f3n caus\u00f3 la muerte del empresario don V\u00edctor Cruz Russek este domingo en Chihuahua capital, quien perdi\u00f3 la batalla contra el c\u00e1ncer.<\/p>\n<p>Desde hace varios d\u00edas don V\u00edctor estuvo internado en una cl\u00ednica local atendi\u00e9ndose de una afecci\u00f3n respiratoria derivada de su enfermedad.<\/p>\n<p>Sectores pol\u00edticos, empresariales, l\u00edderes de opini\u00f3n y sociedad lamentan la muerte de un visionario que adem\u00e1s de empresario y ganadero destac\u00f3 por su compromiso social y altruismo.<\/p>\n<p>Don V\u00edctor destac\u00f3 en el ramo automotriz y tras egresar de la UACH fund\u00f3 una peque\u00f1a empresa que fue creciendo hasta ser un consorcio referente nacional.<\/p>\n<p>A don V\u00edctor le sobreviven su esposa la gobernadora Maru Campos y sus hijos V\u00edctor Manuel, Manuel Victor y M\u00f3nica; su funeral ser\u00e1 este lunes desde las 10 de la ma\u00f1ana en Mausoleos Luz Eterna y la misa de cuerpo presente en el templo del Sagrado Coraz\u00f3n de Jes\u00fas a las 3 de la tarde. Descanse en paz don V\u00edctor Manuel Cruz Russek.<\/p>\n","protected":false},"excerpt":{"rendered":"<p>Esposo de la gobernadora Maru Campos. Chihuahua.- Gran consternaci\u00f3n caus\u00f3 la muerte del empresario don V\u00edctor Cruz Russek este domingo en Chihuahua capital, quien perdi\u00f3 la batalla contra el c\u00e1ncer. Desde hace varios d\u00edas don V\u00edctor estuvo internado en una cl\u00ednica local atendi\u00e9ndose de una afecci\u00f3n respiratoria derivada de su enfermedad. Sectores pol\u00edticos, empresariales, l\u00edderes [&hellip;]<\/p>\n","protected":false},"author":1,"featured_media":84775,"comment_status":"closed","ping_status":"open","sticky":false,"template":"","format":"standard","meta":{"rop_custom_images_group":[],"rop_custom_messages_group":[],"rop_publish_now":"initial","rop_publish_now_accounts":[],"rop_publish_now_history":[],"rop_publish_now_status":"pending","footnotes":""},"categories":[67,72],"tags":[23],"class_list":["post-84774","post","type-post","status-publish","format-standard","has-post-thumbnail","hentry","category-ciudad","category-estado","tag-destacado"],"_links":{"self":[{"href":"https:\/\/notiissa.mx\/index.php?rest_route=\/wp\/v2\/posts\/84774","targetHints":{"allow":["GET"]}}],"collection":[{"href":"https:\/\/notiissa.mx\/index.php?rest_route=\/wp\/v2\/posts"}],"about":[{"href":"https:\/\/notiissa.mx\/index.php?rest_route=\/wp\/v2\/types\/post"}],"author":[{"embeddable":true,"href":"https:\/\/notiissa.mx\/index.php?rest_route=\/wp\/v2\/users\/1"}],"replies":[{"embeddable":true,"href":"https:\/\/notiissa.mx\/index.php?rest_route=%2Fwp%2Fv2%2Fcomments&post=84774"}],"version-history":[{"count":1,"href":"https:\/\/notiissa.mx\/index.php?rest_route=\/wp\/v2\/posts\/84774\/revisions"}],"predecessor-version":[{"id":84776,"href":"https:\/\/notiissa.mx\/index.php?rest_route=\/wp\/v2\/posts\/84774\/revisions\/84776"}],"wp:featuredmedia":[{"embeddable":true,"href":"https:\/\/notiissa.mx\/index.php?rest_route=\/wp\/v2\/media\/84775"}],"wp:attachment":[{"href":"https:\/\/notiissa.mx\/index.php?rest_route=%2Fwp%2Fv2%2Fmedia&parent=84774"}],"wp:term":[{"taxonomy":"category","embeddable":true,"href":"https:\/\/notiissa.mx\/index.php?rest_route=%2Fwp%2Fv2%2Fcategories&post=84774"},{"taxonomy":"post_tag","embeddable":true,"href":"https:\/\/notiissa.mx\/index.php?rest_route=%2Fwp%2Fv2%2Ftags&post=84774"}],"curies":[{"name":"wp","href":"https:\/\/api.w.org\/{rel}","templated":true}]}}