{"id":84764,"date":"2025-10-05T14:36:48","date_gmt":"2025-10-05T20:36:48","guid":{"rendered":"https:\/\/notiissa.mx\/?p=84764"},"modified":"2025-10-05T14:36:48","modified_gmt":"2025-10-05T20:36:48","slug":"participa-alcalde-en-carrera-ya-quisieras-cancer-en-juarez","status":"publish","type":"post","link":"https:\/\/notiissa.mx\/?p=84764","title":{"rendered":"Participa alcalde en carrera \u201cYa quisieras C\u00e1ncer\u201d en Ju\u00e1rez"},"content":{"rendered":"<p><strong>Ciudad Ju\u00e1rez, Chihuahua.-<\/strong> El alcalde de Chihuahua Capital, Marco Antonio Bonilla Mendoza, particip\u00f3 este domingo en la carrera \u201cYa quisieras C\u00e1ncer\u201d, un evento que busca generar conciencia sobre la prevenci\u00f3n, detecci\u00f3n temprana y atenci\u00f3n integral del c\u00e1ncer.<\/p>\n<p>Durante su visita a Ciudad Ju\u00e1rez, Bonilla se sum\u00f3 a cientos de juarenses que corrieron con una misma causa: apoyar a quienes enfrentan esta enfermedad y honrar la lucha de quienes la han superado.<\/p>\n<p>Para Bonilla, esta causa tiene un significado muy especial, ya que su esposa es sobreviviente de c\u00e1ncer, lo que ha marcado profundamente su visi\u00f3n sobre la vida, la salud y la solidaridad.<\/p>\n<p>\u201dEsta carrera representa mucho m\u00e1s que kil\u00f3metros recorridos; es una muestra de esperanza y fuerza. Cada paso es un mensaje para quienes hoy enfrentan el c\u00e1ncer: no est\u00e1n solos, hay una comunidad que los acompa\u00f1a\u201d, expres\u00f3 Bonilla.<\/p>\n<p>El evento reuni\u00f3 a familias, sobrevivientes, personal m\u00e9dico y asociaciones civiles que trabajan todos los d\u00edas en la atenci\u00f3n y prevenci\u00f3n del c\u00e1ncer, en un ambiente lleno de energ\u00eda, color y empat\u00eda.<\/p>\n<p>Con su participaci\u00f3n, Marco Bonilla refrenda su compromiso de impulsar una cultura de prevenci\u00f3n y acompa\u00f1amiento, recordando que detr\u00e1s de cada lucha hay una historia de amor, fe y esperanza.<\/p>\n","protected":false},"excerpt":{"rendered":"<p>Ciudad Ju\u00e1rez, Chihuahua.- El alcalde de Chihuahua Capital, Marco Antonio Bonilla Mendoza, particip\u00f3 este domingo en la carrera \u201cYa quisieras C\u00e1ncer\u201d, un evento que busca generar conciencia sobre la prevenci\u00f3n, detecci\u00f3n temprana y atenci\u00f3n integral del c\u00e1ncer. Durante su visita a Ciudad Ju\u00e1rez, Bonilla se sum\u00f3 a cientos de juarenses que corrieron con una misma [&hellip;]<\/p>\n","protected":false},"author":1,"featured_media":84765,"comment_status":"closed","ping_status":"open","sticky":false,"template":"","format":"standard","meta":{"rop_custom_images_group":[],"rop_custom_messages_group":[],"rop_publish_now":"initial","rop_publish_now_accounts":[],"rop_publish_now_history":[],"rop_publish_now_status":"pending","footnotes":""},"categories":[67,72,71],"tags":[23],"class_list":["post-84764","post","type-post","status-publish","format-standard","has-post-thumbnail","hentry","category-ciudad","category-estado","category-salud","tag-destacado"],"_links":{"self":[{"href":"https:\/\/notiissa.mx\/index.php?rest_route=\/wp\/v2\/posts\/84764","targetHints":{"allow":["GET"]}}],"collection":[{"href":"https:\/\/notiissa.mx\/index.php?rest_route=\/wp\/v2\/posts"}],"about":[{"href":"https:\/\/notiissa.mx\/index.php?rest_route=\/wp\/v2\/types\/post"}],"author":[{"embeddable":true,"href":"https:\/\/notiissa.mx\/index.php?rest_route=\/wp\/v2\/users\/1"}],"replies":[{"embeddable":true,"href":"https:\/\/notiissa.mx\/index.php?rest_route=%2Fwp%2Fv2%2Fcomments&post=84764"}],"version-history":[{"count":1,"href":"https:\/\/notiissa.mx\/index.php?rest_route=\/wp\/v2\/posts\/84764\/revisions"}],"predecessor-version":[{"id":84766,"href":"https:\/\/notiissa.mx\/index.php?rest_route=\/wp\/v2\/posts\/84764\/revisions\/84766"}],"wp:featuredmedia":[{"embeddable":true,"href":"https:\/\/notiissa.mx\/index.php?rest_route=\/wp\/v2\/media\/84765"}],"wp:attachment":[{"href":"https:\/\/notiissa.mx\/index.php?rest_route=%2Fwp%2Fv2%2Fmedia&parent=84764"}],"wp:term":[{"taxonomy":"category","embeddable":true,"href":"https:\/\/notiissa.mx\/index.php?rest_route=%2Fwp%2Fv2%2Fcategories&post=84764"},{"taxonomy":"post_tag","embeddable":true,"href":"https:\/\/notiissa.mx\/index.php?rest_route=%2Fwp%2Fv2%2Ftags&post=84764"}],"curies":[{"name":"wp","href":"https:\/\/api.w.org\/{rel}","templated":true}]}}