{"id":84650,"date":"2025-10-03T09:35:00","date_gmt":"2025-10-03T15:35:00","guid":{"rendered":"https:\/\/notiissa.mx\/?p=84650"},"modified":"2025-10-03T09:35:00","modified_gmt":"2025-10-03T15:35:00","slug":"inicia-el-ficuu-2025-con-una-programacion-de-primer-nivel","status":"publish","type":"post","link":"https:\/\/notiissa.mx\/?p=84650","title":{"rendered":"Inicia el FICUU 2025 con una programaci\u00f3n de primer nivel"},"content":{"rendered":"<p><strong>&#8211; El arranque ser\u00e1 con el FICUU Urbano este 4 y 5 de octubre a partir de las 6:00 pm en distintos puntos del Centro Hist\u00f3rico.<\/strong><\/p>\n<p><strong>Ciudad de Chihuahua.-<\/strong> El Instituto de Cultura, informa que este 4 de octubre iniciar\u00e1 el Festival Internacional de la Ciudad de Chihuahua (FICUU), uno de los eventos culturales m\u00e1s importantes de la capital con actividades art\u00edsticas de acceso gratuito.<\/p>\n<p>El FICUU Urbano estar\u00e1 este 4 y 5 de octubre a partir de las 6:00 pm, donde artistas locales se presentar\u00e1n en distintos puntos del Centro Hist\u00f3rico.<\/p>\n<p>En el Parque El Palomar, el 9 de octubre se presentar\u00e1 la Orquesta Anime, un concierto sinf\u00f3nico que combina lo mejor de la m\u00fasica japonesa a cargo de la Orquesta del Conservatorio de M\u00fasica de Chihuahua. El 10 de octubre, ser\u00e1 el turno de Mentiras, el Musical en Concierto, un espect\u00e1culo que revive los grandes \u00e9xitos musicales de los a\u00f1os 80.<\/p>\n<p>El 11 de octubre, Chihuahua vivir\u00e1 un espect\u00e1culo internacional con William Close &amp; The Earth Harp Collective, quienes traer\u00e1n al escenario el arpa m\u00e1s grande del mundo, en un ensamble innovador que mezcla m\u00fasica, arquitectura y arte visual para crear una experiencia \u00fanica, esto en El Palomar a las 8:00 de la noche.<\/p>\n<p>Finalmente, el festival cerrar\u00e1 con broche de oro el 12 de octubre en la Plaza del \u00c1ngel, con la presentaci\u00f3n del reconocido cantautor Alejandro Sanz, uno de los artistas m\u00e1s importantes de habla hispana a nivel mundial, que har\u00e1 vibrar a miles de chihuahuenses con su m\u00fasica.<\/p>\n<p>El FICUU 2025 se realiza en el marco del aniversario 316 de la ciudad, consolid\u00e1ndose como una plataforma que celebra el arte, la cultura y la identidad de Chihuahua Capital.<\/p>\n<p>Para m\u00e1s detalles de la cartelera, consulta las redes sociales del Instituto de Cultura del Municipio y del Gobierno Municipal.<\/p>\n","protected":false},"excerpt":{"rendered":"<p>&#8211; El arranque ser\u00e1 con el FICUU Urbano este 4 y 5 de octubre a partir de las 6:00 pm en distintos puntos del Centro Hist\u00f3rico. Ciudad de Chihuahua.- El Instituto de Cultura, informa que este 4 de octubre iniciar\u00e1 el Festival Internacional de la Ciudad de Chihuahua (FICUU), uno de los eventos culturales m\u00e1s [&hellip;]<\/p>\n","protected":false},"author":1,"featured_media":84651,"comment_status":"closed","ping_status":"open","sticky":false,"template":"","format":"standard","meta":{"rop_custom_images_group":[],"rop_custom_messages_group":[],"rop_publish_now":"initial","rop_publish_now_accounts":[],"rop_publish_now_history":[],"rop_publish_now_status":"pending","footnotes":""},"categories":[67,70,72],"tags":[],"class_list":["post-84650","post","type-post","status-publish","format-standard","has-post-thumbnail","hentry","category-ciudad","category-espectaculos","category-estado"],"_links":{"self":[{"href":"https:\/\/notiissa.mx\/index.php?rest_route=\/wp\/v2\/posts\/84650","targetHints":{"allow":["GET"]}}],"collection":[{"href":"https:\/\/notiissa.mx\/index.php?rest_route=\/wp\/v2\/posts"}],"about":[{"href":"https:\/\/notiissa.mx\/index.php?rest_route=\/wp\/v2\/types\/post"}],"author":[{"embeddable":true,"href":"https:\/\/notiissa.mx\/index.php?rest_route=\/wp\/v2\/users\/1"}],"replies":[{"embeddable":true,"href":"https:\/\/notiissa.mx\/index.php?rest_route=%2Fwp%2Fv2%2Fcomments&post=84650"}],"version-history":[{"count":1,"href":"https:\/\/notiissa.mx\/index.php?rest_route=\/wp\/v2\/posts\/84650\/revisions"}],"predecessor-version":[{"id":84652,"href":"https:\/\/notiissa.mx\/index.php?rest_route=\/wp\/v2\/posts\/84650\/revisions\/84652"}],"wp:featuredmedia":[{"embeddable":true,"href":"https:\/\/notiissa.mx\/index.php?rest_route=\/wp\/v2\/media\/84651"}],"wp:attachment":[{"href":"https:\/\/notiissa.mx\/index.php?rest_route=%2Fwp%2Fv2%2Fmedia&parent=84650"}],"wp:term":[{"taxonomy":"category","embeddable":true,"href":"https:\/\/notiissa.mx\/index.php?rest_route=%2Fwp%2Fv2%2Fcategories&post=84650"},{"taxonomy":"post_tag","embeddable":true,"href":"https:\/\/notiissa.mx\/index.php?rest_route=%2Fwp%2Fv2%2Ftags&post=84650"}],"curies":[{"name":"wp","href":"https:\/\/api.w.org\/{rel}","templated":true}]}}