{"id":84647,"date":"2025-10-03T09:25:17","date_gmt":"2025-10-03T15:25:17","guid":{"rendered":"https:\/\/notiissa.mx\/?p=84647"},"modified":"2025-10-03T09:25:17","modified_gmt":"2025-10-03T15:25:17","slug":"exigen-que-la-disculpa-por-incendio-migratorio-sea-en-juarez","status":"publish","type":"post","link":"https:\/\/notiissa.mx\/?p=84647","title":{"rendered":"Exigen que la disculpa por incendio migratorio sea en Ju\u00e1rez"},"content":{"rendered":"<p><strong>Chihuahua.-<\/strong> Tras la tragedia ocurrida en la estaci\u00f3n migratoria de Ciudad Ju\u00e1rez en marzo de 2023, donde murieron 40 migrantes y otros 27 resultaron lesionados, la diputada juarense X\u00f3chitl Contreras (PAN), realiz\u00f3 un exhorto al Poder Ejecutivo Federal para que, a trav\u00e9s de la Secretar\u00eda de Gobernaci\u00f3n, se ofrezca una disculpa institucional en el lugar de los hechos a las v\u00edctimas y sus familias.<\/p>\n<p>La legisladora del Grupo Parlamentario del Partido Acci\u00f3n Nacional subray\u00f3 que la disculpa emitida por el ex comisionado del Instituto Nacional de Migraci\u00f3n, Francisco Gardu\u00f1o, en la Ciudad de M\u00e9xico, no cumple con los est\u00e1ndares nacionales ni internacionales en materia de derechos humanos. Record\u00f3 que tanto la Ley General de V\u00edctimas como la Corte Interamericana de Derechos Humanos establecen que este tipo de actos deben realizarse en el sitio donde ocurrieron los hechos y con la presencia de autoridades de alto nivel que reconozcan la responsabilidad del Estado.<\/p>\n<p>X\u00f3chitl Contreras enfatiz\u00f3 que el incendio ocurrido en la estaci\u00f3n migratoria de Ciudad Ju\u00e1rez evidenci\u00f3 una negligencia grave de las autoridades, al mantener encerrados a migrantes en condiciones de hacinamiento y sin protocolos de seguridad adecuados. La legisladora puntualiz\u00f3 que este hecho no solo gener\u00f3 indignaci\u00f3n en M\u00e9xico, sino que tambi\u00e9n provoc\u00f3 pronunciamientos de organismos internacionales y reclamos de justicia por parte de los gobiernos de los pa\u00edses de origen de las v\u00edctimas.<\/p>\n<p>\u201cLas familias de las v\u00edctimas no solo merecen justicia, tambi\u00e9n merecen que la disculpa se realice en el lugar donde perdieron la vida sus seres queridos. Lo ocurrido en Ciudad Ju\u00e1rez no puede reducirse a un evento burocr\u00e1tico alejado de la realidad que vivieron las v\u00edctimas\u201d, expres\u00f3 la diputada durante su intervenci\u00f3n en tribuna.<\/p>\n<p>El exhorto busca que la disculpa institucional reconozca la gravedad de los hechos y se realice en el lugar donde la tragedia ocurri\u00f3, como una medida de dignificaci\u00f3n hacia las v\u00edctimas y de reconocimiento a sus familias.<\/p>\n<p>Con esta acci\u00f3n, la legisladora juarense sostuvo que es indispensable que el Gobierno Federal asuma plenamente su responsabilidad y env\u00ede un mensaje claro de compromiso con los derechos humanos y con la justicia hacia las personas migrantes.<\/p>\n","protected":false},"excerpt":{"rendered":"<p>Chihuahua.- Tras la tragedia ocurrida en la estaci\u00f3n migratoria de Ciudad Ju\u00e1rez en marzo de 2023, donde murieron 40 migrantes y otros 27 resultaron lesionados, la diputada juarense X\u00f3chitl Contreras (PAN), realiz\u00f3 un exhorto al Poder Ejecutivo Federal para que, a trav\u00e9s de la Secretar\u00eda de Gobernaci\u00f3n, se ofrezca una disculpa institucional en el lugar [&hellip;]<\/p>\n","protected":false},"author":1,"featured_media":84648,"comment_status":"closed","ping_status":"open","sticky":false,"template":"","format":"standard","meta":{"rop_custom_images_group":[],"rop_custom_messages_group":[],"rop_publish_now":"initial","rop_publish_now_accounts":[],"rop_publish_now_history":[],"rop_publish_now_status":"pending","footnotes":""},"categories":[67,72],"tags":[],"class_list":["post-84647","post","type-post","status-publish","format-standard","has-post-thumbnail","hentry","category-ciudad","category-estado"],"_links":{"self":[{"href":"https:\/\/notiissa.mx\/index.php?rest_route=\/wp\/v2\/posts\/84647","targetHints":{"allow":["GET"]}}],"collection":[{"href":"https:\/\/notiissa.mx\/index.php?rest_route=\/wp\/v2\/posts"}],"about":[{"href":"https:\/\/notiissa.mx\/index.php?rest_route=\/wp\/v2\/types\/post"}],"author":[{"embeddable":true,"href":"https:\/\/notiissa.mx\/index.php?rest_route=\/wp\/v2\/users\/1"}],"replies":[{"embeddable":true,"href":"https:\/\/notiissa.mx\/index.php?rest_route=%2Fwp%2Fv2%2Fcomments&post=84647"}],"version-history":[{"count":1,"href":"https:\/\/notiissa.mx\/index.php?rest_route=\/wp\/v2\/posts\/84647\/revisions"}],"predecessor-version":[{"id":84649,"href":"https:\/\/notiissa.mx\/index.php?rest_route=\/wp\/v2\/posts\/84647\/revisions\/84649"}],"wp:featuredmedia":[{"embeddable":true,"href":"https:\/\/notiissa.mx\/index.php?rest_route=\/wp\/v2\/media\/84648"}],"wp:attachment":[{"href":"https:\/\/notiissa.mx\/index.php?rest_route=%2Fwp%2Fv2%2Fmedia&parent=84647"}],"wp:term":[{"taxonomy":"category","embeddable":true,"href":"https:\/\/notiissa.mx\/index.php?rest_route=%2Fwp%2Fv2%2Fcategories&post=84647"},{"taxonomy":"post_tag","embeddable":true,"href":"https:\/\/notiissa.mx\/index.php?rest_route=%2Fwp%2Fv2%2Ftags&post=84647"}],"curies":[{"name":"wp","href":"https:\/\/api.w.org\/{rel}","templated":true}]}}