{"id":84636,"date":"2025-10-02T16:17:52","date_gmt":"2025-10-02T22:17:52","guid":{"rendered":"https:\/\/notiissa.mx\/?p=84636"},"modified":"2025-10-02T16:17:52","modified_gmt":"2025-10-02T22:17:52","slug":"falta-regulacion-en-la-ley-de-amparo-c-estrada","status":"publish","type":"post","link":"https:\/\/notiissa.mx\/?p=84636","title":{"rendered":"Falta regulaci\u00f3n en la Ley de amparo: C. Estrada"},"content":{"rendered":"<p><strong>Ejemplo de ello es el relleno sanitario.<\/strong><\/p>\n<hr \/>\n<p><strong>Por Silvia Madrid A.<\/strong><\/p>\n<p><strong>Chihuahua.-<\/strong> El coordinador de los legisladores de Morena en el congreso local,\u00a0 Cuauht\u00e9moc Estrada dijo que la oposici\u00f3n cuestiona la reforma a la ley de amparo porque no la conocen; agreg\u00f3 que le falta regulaci\u00f3n y ejemplo de ello es el caso del relleno sanitario de Chihuahua capital, que se ha prolongado por a\u00f1os porque no hay un l\u00edmite para la resoluci\u00f3n, le falta regulaci\u00f3n para que los juicios no se hagan interminables.<\/p>\n<p>Indic\u00f3 que s\u00ed hubo debates y consulta y no estuvieron los que ahora critican esa reforma al juicio de amparo y que las leyes se deben ir cambiando y adecuando seg\u00fan las circunstancias. Ejemplo de esto fueron los cambios para evitar amparos de giros negros, o cuando se amparaban para no pagar pensi\u00f3n alimenticia.<\/p>\n<p>La ley de amparo y otras tienen sus ajustes y se han hecho en otras administraciones federales. Asegur\u00f3 que no desaparecer\u00e1 el juicio de amparo sino que ser\u00e1 m\u00e1s \u00e1gil.<\/p>\n<p>Sobre la retroactividad precis\u00f3 que hay excepciones como lo estableci\u00f3 la suprema corte y se debe dar en diversos casos.<\/p>\n<p>Estrada Sotelo dijo que hay figuras que deben tener la protecci\u00f3n del fuero pero no debe ser un escudo para evadir la ley cuando se cometen il\u00edcitos. \u201cEst\u00e1 figura debe ser revisada y ajustada\u201d.<\/p>\n","protected":false},"excerpt":{"rendered":"<p>Ejemplo de ello es el relleno sanitario. Por Silvia Madrid A. Chihuahua.- El coordinador de los legisladores de Morena en el congreso local,\u00a0 Cuauht\u00e9moc Estrada dijo que la oposici\u00f3n cuestiona la reforma a la ley de amparo porque no la conocen; agreg\u00f3 que le falta regulaci\u00f3n y ejemplo de ello es el caso del relleno [&hellip;]<\/p>\n","protected":false},"author":1,"featured_media":84637,"comment_status":"closed","ping_status":"open","sticky":false,"template":"","format":"standard","meta":{"rop_custom_images_group":[],"rop_custom_messages_group":[],"rop_publish_now":"initial","rop_publish_now_accounts":[],"rop_publish_now_history":[],"rop_publish_now_status":"pending","footnotes":""},"categories":[67,72],"tags":[23],"class_list":["post-84636","post","type-post","status-publish","format-standard","has-post-thumbnail","hentry","category-ciudad","category-estado","tag-destacado"],"_links":{"self":[{"href":"https:\/\/notiissa.mx\/index.php?rest_route=\/wp\/v2\/posts\/84636","targetHints":{"allow":["GET"]}}],"collection":[{"href":"https:\/\/notiissa.mx\/index.php?rest_route=\/wp\/v2\/posts"}],"about":[{"href":"https:\/\/notiissa.mx\/index.php?rest_route=\/wp\/v2\/types\/post"}],"author":[{"embeddable":true,"href":"https:\/\/notiissa.mx\/index.php?rest_route=\/wp\/v2\/users\/1"}],"replies":[{"embeddable":true,"href":"https:\/\/notiissa.mx\/index.php?rest_route=%2Fwp%2Fv2%2Fcomments&post=84636"}],"version-history":[{"count":1,"href":"https:\/\/notiissa.mx\/index.php?rest_route=\/wp\/v2\/posts\/84636\/revisions"}],"predecessor-version":[{"id":84638,"href":"https:\/\/notiissa.mx\/index.php?rest_route=\/wp\/v2\/posts\/84636\/revisions\/84638"}],"wp:featuredmedia":[{"embeddable":true,"href":"https:\/\/notiissa.mx\/index.php?rest_route=\/wp\/v2\/media\/84637"}],"wp:attachment":[{"href":"https:\/\/notiissa.mx\/index.php?rest_route=%2Fwp%2Fv2%2Fmedia&parent=84636"}],"wp:term":[{"taxonomy":"category","embeddable":true,"href":"https:\/\/notiissa.mx\/index.php?rest_route=%2Fwp%2Fv2%2Fcategories&post=84636"},{"taxonomy":"post_tag","embeddable":true,"href":"https:\/\/notiissa.mx\/index.php?rest_route=%2Fwp%2Fv2%2Ftags&post=84636"}],"curies":[{"name":"wp","href":"https:\/\/api.w.org\/{rel}","templated":true}]}}