{"id":84633,"date":"2025-10-02T15:50:04","date_gmt":"2025-10-02T21:50:04","guid":{"rendered":"https:\/\/notiissa.mx\/?p=84633"},"modified":"2025-10-02T15:50:04","modified_gmt":"2025-10-02T21:50:04","slug":"el-pan-esta-abierto-a-discutir-la-desaparicion-del-fuero-chavez","status":"publish","type":"post","link":"https:\/\/notiissa.mx\/?p=84633","title":{"rendered":"El PAN est\u00e1 abierto a discutir la desaparici\u00f3n del fuero: Ch\u00e1vez"},"content":{"rendered":"<p><strong>Las reformas de Morena las ha hecho al vapor.<\/strong><\/p>\n<hr \/>\n<p><strong>Por Silvia Madrid A.\u00a0<\/strong><\/p>\n<p><strong>Chihuahua.-<\/strong> El coordinador de los diputados del PAN\u00a0 en el congreso local Jos\u00e9 Alfredo Ch\u00e1vez dijo que su partido est\u00e1 abierto a discutir los alcances del fuero constitucional y se cuestion\u00f3 si la presidenta lo hace porque hay dos delincuentes en el Senado : el coordinador de Morena Ad\u00e1n Augusto l\u00edder de La Barredora y se ha acreditado su participaci\u00f3n con l\u00edderes criminales en Tabasco y hoy el fuero lo protege y al otro es al que est\u00e1 destruyendo el juicio de amparo. Pues tiene una orden de aprehensi\u00f3n de la fiscal\u00eda de Chihuahua y tambi\u00e9n el fuero lo protege.<\/p>\n<p>Consider\u00f3 que el fuero no debe ser impedimento para que a alg\u00fan legislador se le aplique una ley.<\/p>\n<p>\u201cDebe ser protecci\u00f3n para que en un r\u00e9gimen antidemocr\u00e1tico los que somos oposici\u00f3n no se nos cuestione o fabriquen denuncias y podamos ser la oposici\u00f3n a este r\u00e9gimen. Yo le dir\u00eda a la presidenta que el buen juez por su casa empieza y habr\u00eda que quit\u00e1rselo a Corral y Ad\u00e1n Augusto que se escudan en el fuero para no enfrentar la justicia\u201d.<\/p>\n<p>Agreg\u00f3 que lo que hicieron los de Morena con la ley de amparo fue quitarles a los ciudadanos la posibilidad de defenderse de alguna autoridad. Dijo que es grav\u00edsimo esto y que no se consult\u00f3 a abogados, fue una reforma al vapor como todas las que hace Morena, que no piensa en los ciudadanos sino en su gobierno.<\/p>\n<p>\u201cMorena tiene la mayor\u00eda pero no la raz\u00f3n. El juicio de amparo es para proteger a los ciudadanos del gobierno y no al rev\u00e9s; lo que hicieron Corral y Ad\u00e1n Augusto es una aberraci\u00f3n\u201d.<\/p>\n<p>Sobre los espectaculares de la dirigente del PAN Daniela \u00c1lvarez indic\u00f3 Alfredo Ch\u00e1vez que no hay punto de comparaci\u00f3n con los de Andrea; los de Daniela se sabe de d\u00f3nde provienen los recursos: del PAN estatal y est\u00e1n registrados ante el IEE; pero Andrea no ha transparentado los recursos para tener espectaculares durante meses, proviene de La Barredora de Tabasco.<\/p>\n<p>Quien han levantado la mano en el PAN rumbo a las candidaturas son fuertes cartas pero por ahora hay que trabajar y cerrar filas en torno a la gobernadora y hacer alianza con la ciudadan\u00eda.<\/p>\n","protected":false},"excerpt":{"rendered":"<p>Las reformas de Morena las ha hecho al vapor. Por Silvia Madrid A.\u00a0 Chihuahua.- El coordinador de los diputados del PAN\u00a0 en el congreso local Jos\u00e9 Alfredo Ch\u00e1vez dijo que su partido est\u00e1 abierto a discutir los alcances del fuero constitucional y se cuestion\u00f3 si la presidenta lo hace porque hay dos delincuentes en el [&hellip;]<\/p>\n","protected":false},"author":1,"featured_media":84634,"comment_status":"closed","ping_status":"open","sticky":false,"template":"","format":"standard","meta":{"rop_custom_images_group":[],"rop_custom_messages_group":[],"rop_publish_now":"initial","rop_publish_now_accounts":[],"rop_publish_now_history":[],"rop_publish_now_status":"pending","footnotes":""},"categories":[67,72],"tags":[23],"class_list":["post-84633","post","type-post","status-publish","format-standard","has-post-thumbnail","hentry","category-ciudad","category-estado","tag-destacado"],"_links":{"self":[{"href":"https:\/\/notiissa.mx\/index.php?rest_route=\/wp\/v2\/posts\/84633","targetHints":{"allow":["GET"]}}],"collection":[{"href":"https:\/\/notiissa.mx\/index.php?rest_route=\/wp\/v2\/posts"}],"about":[{"href":"https:\/\/notiissa.mx\/index.php?rest_route=\/wp\/v2\/types\/post"}],"author":[{"embeddable":true,"href":"https:\/\/notiissa.mx\/index.php?rest_route=\/wp\/v2\/users\/1"}],"replies":[{"embeddable":true,"href":"https:\/\/notiissa.mx\/index.php?rest_route=%2Fwp%2Fv2%2Fcomments&post=84633"}],"version-history":[{"count":1,"href":"https:\/\/notiissa.mx\/index.php?rest_route=\/wp\/v2\/posts\/84633\/revisions"}],"predecessor-version":[{"id":84635,"href":"https:\/\/notiissa.mx\/index.php?rest_route=\/wp\/v2\/posts\/84633\/revisions\/84635"}],"wp:featuredmedia":[{"embeddable":true,"href":"https:\/\/notiissa.mx\/index.php?rest_route=\/wp\/v2\/media\/84634"}],"wp:attachment":[{"href":"https:\/\/notiissa.mx\/index.php?rest_route=%2Fwp%2Fv2%2Fmedia&parent=84633"}],"wp:term":[{"taxonomy":"category","embeddable":true,"href":"https:\/\/notiissa.mx\/index.php?rest_route=%2Fwp%2Fv2%2Fcategories&post=84633"},{"taxonomy":"post_tag","embeddable":true,"href":"https:\/\/notiissa.mx\/index.php?rest_route=%2Fwp%2Fv2%2Ftags&post=84633"}],"curies":[{"name":"wp","href":"https:\/\/api.w.org\/{rel}","templated":true}]}}