{"id":84334,"date":"2025-09-26T09:36:24","date_gmt":"2025-09-26T15:36:24","guid":{"rendered":"https:\/\/notiissa.mx\/?p=84334"},"modified":"2025-09-26T14:17:25","modified_gmt":"2025-09-26T20:17:25","slug":"invita-la-uach-a-curso-expres-de-ceramica-durante-octubre","status":"publish","type":"post","link":"https:\/\/notiissa.mx\/?p=84334","title":{"rendered":"Invitan a curso expr\u00e9s de cer\u00e1mica durante octubre"},"content":{"rendered":"<p><strong>Ciudad de Chihuahua.-<\/strong> La Facultad de Artes de la Universidad Aut\u00f3noma de Chihuahua lanz\u00f3 una invitaci\u00f3n abierta al p\u00fablico en general para participar en su curso expr\u00e9s de cer\u00e1mica, el cual se llevar\u00e1 a cabo durante el mes de octubre.<\/p>\n<p>Este taller est\u00e1 programado para realizarse los d\u00edas 4, 11, 18 y 25 de octubre, en un horario de 10:00 a. m. a 12:00 p.m., dentro de las instalaciones de la facultad. El curso estar\u00e1 a cargo de la maestra en artes Maribel Talavera, quien guiar\u00e1 a los participantes en dos t\u00e9cnicas distintas: \u201cVasija Paquim\u00e9 en torno\u201d y \u201cTazas espeluznantes\u201d.<\/p>\n<p>El costo de inscripci\u00f3n es de $1,800 pesos, e incluye todos los materiales necesarios para el desarrollo del curso.<\/p>\n<p>Las inscripciones est\u00e1n abiertas y se pueden realizar directamente en las oficinas de la Facultad de Artes, en un horario de lunes a viernes, de 8:00 a.m. a 8:00 p.m. Para mayores informes, se puede comunicar al tel\u00e9fono (614) 439-18-50, extensiones 4418 o 4450.<\/p>\n<p>Esta es una excelente oportunidad para explorar la creatividad y aprender t\u00e9cnicas tradicionales y contempor\u00e1neas de cer\u00e1mica en un ambiente art\u00edstico y profesional.<\/p>\n","protected":false},"excerpt":{"rendered":"<p>Ciudad de Chihuahua.- La Facultad de Artes de la Universidad Aut\u00f3noma de Chihuahua lanz\u00f3 una invitaci\u00f3n abierta al p\u00fablico en general para participar en su curso expr\u00e9s de cer\u00e1mica, el cual se llevar\u00e1 a cabo durante el mes de octubre. Este taller est\u00e1 programado para realizarse los d\u00edas 4, 11, 18 y 25 de octubre, [&hellip;]<\/p>\n","protected":false},"author":1,"featured_media":84335,"comment_status":"closed","ping_status":"open","sticky":false,"template":"","format":"standard","meta":{"rop_custom_images_group":[],"rop_custom_messages_group":[],"rop_publish_now":"initial","rop_publish_now_accounts":[],"rop_publish_now_history":[],"rop_publish_now_status":"pending","footnotes":""},"categories":[67,72],"tags":[23],"class_list":["post-84334","post","type-post","status-publish","format-standard","has-post-thumbnail","hentry","category-ciudad","category-estado","tag-destacado"],"_links":{"self":[{"href":"https:\/\/notiissa.mx\/index.php?rest_route=\/wp\/v2\/posts\/84334","targetHints":{"allow":["GET"]}}],"collection":[{"href":"https:\/\/notiissa.mx\/index.php?rest_route=\/wp\/v2\/posts"}],"about":[{"href":"https:\/\/notiissa.mx\/index.php?rest_route=\/wp\/v2\/types\/post"}],"author":[{"embeddable":true,"href":"https:\/\/notiissa.mx\/index.php?rest_route=\/wp\/v2\/users\/1"}],"replies":[{"embeddable":true,"href":"https:\/\/notiissa.mx\/index.php?rest_route=%2Fwp%2Fv2%2Fcomments&post=84334"}],"version-history":[{"count":2,"href":"https:\/\/notiissa.mx\/index.php?rest_route=\/wp\/v2\/posts\/84334\/revisions"}],"predecessor-version":[{"id":84356,"href":"https:\/\/notiissa.mx\/index.php?rest_route=\/wp\/v2\/posts\/84334\/revisions\/84356"}],"wp:featuredmedia":[{"embeddable":true,"href":"https:\/\/notiissa.mx\/index.php?rest_route=\/wp\/v2\/media\/84335"}],"wp:attachment":[{"href":"https:\/\/notiissa.mx\/index.php?rest_route=%2Fwp%2Fv2%2Fmedia&parent=84334"}],"wp:term":[{"taxonomy":"category","embeddable":true,"href":"https:\/\/notiissa.mx\/index.php?rest_route=%2Fwp%2Fv2%2Fcategories&post=84334"},{"taxonomy":"post_tag","embeddable":true,"href":"https:\/\/notiissa.mx\/index.php?rest_route=%2Fwp%2Fv2%2Ftags&post=84334"}],"curies":[{"name":"wp","href":"https:\/\/api.w.org\/{rel}","templated":true}]}}