{"id":84328,"date":"2025-09-26T09:24:04","date_gmt":"2025-09-26T15:24:04","guid":{"rendered":"https:\/\/notiissa.mx\/?p=84328"},"modified":"2025-09-26T09:24:04","modified_gmt":"2025-09-26T15:24:04","slug":"recorre-alcalde-feria-de-la-construccion-chihuahua-2025","status":"publish","type":"post","link":"https:\/\/notiissa.mx\/?p=84328","title":{"rendered":"Recorre Alcalde Feria de la Construcci\u00f3n Chihuahua 2025"},"content":{"rendered":"<p><strong>Ciudad de Chihuahua.-<\/strong> El alcalde Marco Antonio Bonilla Mendoza particip\u00f3 en la Feria Nacional de la Construcci\u00f3n Chihuahua 2025, organizada por la CMIC en coordinaci\u00f3n con Gobierno del Estado, donde dio la bienvenida y recorri\u00f3 los stands de empresas dedicadas al ramo de la construcci\u00f3n.<\/p>\n<p>En el evento se exhibieron herramientas, pinturas, maquinaria pesada, indumentaria y veh\u00edculos, adem\u00e1s de concretarse m\u00e1s de 750 encuentros de negocios efectivos, con el prop\u00f3sito de impulsar al sector y detonar la econom\u00eda regional.<\/p>\n","protected":false},"excerpt":{"rendered":"<p>Ciudad de Chihuahua.- El alcalde Marco Antonio Bonilla Mendoza particip\u00f3 en la Feria Nacional de la Construcci\u00f3n Chihuahua 2025, organizada por la CMIC en coordinaci\u00f3n con Gobierno del Estado, donde dio la bienvenida y recorri\u00f3 los stands de empresas dedicadas al ramo de la construcci\u00f3n. En el evento se exhibieron herramientas, pinturas, maquinaria pesada, indumentaria [&hellip;]<\/p>\n","protected":false},"author":1,"featured_media":84329,"comment_status":"closed","ping_status":"open","sticky":false,"template":"","format":"standard","meta":{"rop_custom_images_group":[],"rop_custom_messages_group":[],"rop_publish_now":"initial","rop_publish_now_accounts":[],"rop_publish_now_history":[],"rop_publish_now_status":"pending","footnotes":""},"categories":[67,61,72],"tags":[23],"class_list":["post-84328","post","type-post","status-publish","format-standard","has-post-thumbnail","hentry","category-ciudad","category-economia","category-estado","tag-destacado"],"_links":{"self":[{"href":"https:\/\/notiissa.mx\/index.php?rest_route=\/wp\/v2\/posts\/84328","targetHints":{"allow":["GET"]}}],"collection":[{"href":"https:\/\/notiissa.mx\/index.php?rest_route=\/wp\/v2\/posts"}],"about":[{"href":"https:\/\/notiissa.mx\/index.php?rest_route=\/wp\/v2\/types\/post"}],"author":[{"embeddable":true,"href":"https:\/\/notiissa.mx\/index.php?rest_route=\/wp\/v2\/users\/1"}],"replies":[{"embeddable":true,"href":"https:\/\/notiissa.mx\/index.php?rest_route=%2Fwp%2Fv2%2Fcomments&post=84328"}],"version-history":[{"count":1,"href":"https:\/\/notiissa.mx\/index.php?rest_route=\/wp\/v2\/posts\/84328\/revisions"}],"predecessor-version":[{"id":84330,"href":"https:\/\/notiissa.mx\/index.php?rest_route=\/wp\/v2\/posts\/84328\/revisions\/84330"}],"wp:featuredmedia":[{"embeddable":true,"href":"https:\/\/notiissa.mx\/index.php?rest_route=\/wp\/v2\/media\/84329"}],"wp:attachment":[{"href":"https:\/\/notiissa.mx\/index.php?rest_route=%2Fwp%2Fv2%2Fmedia&parent=84328"}],"wp:term":[{"taxonomy":"category","embeddable":true,"href":"https:\/\/notiissa.mx\/index.php?rest_route=%2Fwp%2Fv2%2Fcategories&post=84328"},{"taxonomy":"post_tag","embeddable":true,"href":"https:\/\/notiissa.mx\/index.php?rest_route=%2Fwp%2Fv2%2Ftags&post=84328"}],"curies":[{"name":"wp","href":"https:\/\/api.w.org\/{rel}","templated":true}]}}