{"id":84322,"date":"2025-09-25T15:12:29","date_gmt":"2025-09-25T21:12:29","guid":{"rendered":"https:\/\/notiissa.mx\/?p=84322"},"modified":"2025-09-25T15:12:29","modified_gmt":"2025-09-25T21:12:29","slug":"invita-impas-a-conferencia-de-farid-dieck","status":"publish","type":"post","link":"https:\/\/notiissa.mx\/?p=84322","title":{"rendered":"Invita Impas a conferencia de Farid Dieck"},"content":{"rendered":"<p><strong>Para cerrar el mes de la salud mental.<\/strong><\/p>\n<hr \/>\n<p><strong>Por Silvia MADRID.<\/strong><\/p>\n<p><strong>Ciudad de Chihuahua.-<\/strong> El director del Instituto Municipal de Prevenci\u00f3n y Atenci\u00f3n a la Salud Luis Arrieta invita al p\u00fablico en general a la conferencia motivacional \u201cConstruyendo un sentido\u201d por Farid Dieck el martes 30 de septiembre, para concluir as\u00ed las actividades con motivo del mes de la salud mental.<\/p>\n<p>El conferencista es psic\u00f3logo y emprendedor que se capacita en salud mental; es un experto en dar sentidos diversos desde el punto de vista psicol\u00f3gico a pel\u00edculas, a relatos y en temas de salud mental.<\/p>\n<p>La cita es en el gimnasio Rodrigo M. Quevedo a las 8 y media de la noche. El boleto de entrada es gratuito pero el interesado debe registrarse en el QR que est\u00e1 en las redes sociales del IMPAS y luego pasar\u00e1n a recogerlo a las instalaciones del instituto en las calles Sexta y Mina y en la cuarta casi esquina con Paseo Bol\u00edvar y en las unidades b\u00e1sicas de rehabilitaci\u00f3n en las colonias Esperanza, Nombre de Dios y Villa villa Ju\u00e1rez.<\/p>\n<p>El doctor Arrieta destac\u00f3 que se ha hecho especial \u00e9nfasis en la prevenci\u00f3n del suicidio con campa\u00f1as y diversas acciones como tamizajes en empresas y centros escolares para detectar factores y casos de riesgo y brindar la atenci\u00f3n y seguimiento oportunos. En lo que respecta a la atenci\u00f3n a empresas dijo que adem\u00e1s de las afiliadas a Index se han acercado m\u00e1s de 10 empresas interesadas en la salud mental de sus empleados.<\/p>\n<p>Y en escuelas se trabaja antes de concluir el ciclo escolar; actualmente se atienden 14 de nivel medio superior como bachilleres y Cecytech; recientemente se trabaj\u00f3 con 300 alumnos de 28 centros escolares capacitados para escuchar a sus compa\u00f1eros y darles apoyo para prevenir el suicidio.<\/p>\n<p>Mencion\u00f3 que a la fecha se han recibido en el IMPAS m\u00e1s de mil 800 llamadas y 453 contenciones a supervivientes e hizo el llamado a la poblaci\u00f3n a llamar para ser atendidos en la L\u00edneas de Atenci\u00f3n a Crisis 614 1940200 que es atendida por psic\u00f3logos y terapeutas con amplia experiencia, o a acudir a citas personalizadas; por cada 5 mujeres hay un hombre que llama y el reto es seguir trabajando para atender a todos los que lo requieran.<\/p>\n","protected":false},"excerpt":{"rendered":"<p>Para cerrar el mes de la salud mental. Por Silvia MADRID. Ciudad de Chihuahua.- El director del Instituto Municipal de Prevenci\u00f3n y Atenci\u00f3n a la Salud Luis Arrieta invita al p\u00fablico en general a la conferencia motivacional \u201cConstruyendo un sentido\u201d por Farid Dieck el martes 30 de septiembre, para concluir as\u00ed las actividades con motivo [&hellip;]<\/p>\n","protected":false},"author":1,"featured_media":84323,"comment_status":"closed","ping_status":"open","sticky":false,"template":"","format":"standard","meta":{"rop_custom_images_group":[],"rop_custom_messages_group":[],"rop_publish_now":"initial","rop_publish_now_accounts":[],"rop_publish_now_history":[],"rop_publish_now_status":"pending","footnotes":""},"categories":[67,72,71],"tags":[23],"class_list":["post-84322","post","type-post","status-publish","format-standard","has-post-thumbnail","hentry","category-ciudad","category-estado","category-salud","tag-destacado"],"_links":{"self":[{"href":"https:\/\/notiissa.mx\/index.php?rest_route=\/wp\/v2\/posts\/84322","targetHints":{"allow":["GET"]}}],"collection":[{"href":"https:\/\/notiissa.mx\/index.php?rest_route=\/wp\/v2\/posts"}],"about":[{"href":"https:\/\/notiissa.mx\/index.php?rest_route=\/wp\/v2\/types\/post"}],"author":[{"embeddable":true,"href":"https:\/\/notiissa.mx\/index.php?rest_route=\/wp\/v2\/users\/1"}],"replies":[{"embeddable":true,"href":"https:\/\/notiissa.mx\/index.php?rest_route=%2Fwp%2Fv2%2Fcomments&post=84322"}],"version-history":[{"count":1,"href":"https:\/\/notiissa.mx\/index.php?rest_route=\/wp\/v2\/posts\/84322\/revisions"}],"predecessor-version":[{"id":84324,"href":"https:\/\/notiissa.mx\/index.php?rest_route=\/wp\/v2\/posts\/84322\/revisions\/84324"}],"wp:featuredmedia":[{"embeddable":true,"href":"https:\/\/notiissa.mx\/index.php?rest_route=\/wp\/v2\/media\/84323"}],"wp:attachment":[{"href":"https:\/\/notiissa.mx\/index.php?rest_route=%2Fwp%2Fv2%2Fmedia&parent=84322"}],"wp:term":[{"taxonomy":"category","embeddable":true,"href":"https:\/\/notiissa.mx\/index.php?rest_route=%2Fwp%2Fv2%2Fcategories&post=84322"},{"taxonomy":"post_tag","embeddable":true,"href":"https:\/\/notiissa.mx\/index.php?rest_route=%2Fwp%2Fv2%2Ftags&post=84322"}],"curies":[{"name":"wp","href":"https:\/\/api.w.org\/{rel}","templated":true}]}}