{"id":84143,"date":"2025-09-21T14:55:51","date_gmt":"2025-09-21T20:55:51","guid":{"rendered":"https:\/\/notiissa.mx\/?p=84143"},"modified":"2025-09-21T14:55:51","modified_gmt":"2025-09-21T20:55:51","slug":"entregaran-apoyos-del-paam-del-22-al-26-de-septiembre","status":"publish","type":"post","link":"https:\/\/notiissa.mx\/?p=84143","title":{"rendered":"Entregar\u00e1n apoyos del PAAM del 22 al 26 de septiembre"},"content":{"rendered":"<p><strong>El Programa Alimentario del Adulto Mayor.<\/strong><\/p>\n<hr \/>\n<p><strong>Ciudad de Chihuahua.-<\/strong> Da a conocer el DIF municipal a solicitantes del Programa Alimentario del Adulto Mayor (PAAM) que podr\u00e1n acudir por su paquete alimentario esta semana del 22 al 26 de septiembre, en los centros comunitarios:<\/p>\n<p><strong>22 de septiembre:<\/strong><br \/>\n* Rancher\u00eda Ju\u00e1rez, 12:00 horas<\/p>\n<p><strong>24 de septiembre:<\/strong><br \/>\n* Lealtad II, 11:00 horas<br \/>\n* Lealtad I, 12:30 horas<br \/>\n* Desarrollo Urbano, 12:30 horas<\/p>\n<p><strong>25 de septiembre:<\/strong><br \/>\n* Santa Rosa, 9:00 horas<\/p>\n<p><strong>26 de septiembre:<\/strong><br \/>\n* CEDEFAM Punta Oriente, 9:45 horas<\/p>\n<p>Las y los adultos mayores deber\u00e1n presentarse con el carnet que se les otorg\u00f3 al ser seleccionados del programa; asimismo, se les dar\u00e1 preferencia a las personas que se\u00f1alaron, en su registro, este centro comunitario como lugar para recoger su apoyo alimentario. Es importante que las y los beneficiarios acudan a su centro comunitario, fecha y hora correspondiente.<\/p>\n<p>Cabe se\u00f1alar que este programa es gratuito. Se exhorta a las y los seleccionados a reportar cualquier irregularidad que puedan detectar durante las entregas, al n\u00famero 072 en las extensiones 2232 y 2239.<\/p>\n<p>Para mayores informes, podr\u00e1n comunicarse al 072 en las extensiones previamente mencionadas o bien, acercarse a las instalaciones del DIF Municipal en la calle Carbonel, n\u00famero 4106, frente al Club de Leones, de lunes a viernes en un horario de 9:00 a.m a 3:30 p.m.<\/p>\n","protected":false},"excerpt":{"rendered":"<p>El Programa Alimentario del Adulto Mayor. Ciudad de Chihuahua.- Da a conocer el DIF municipal a solicitantes del Programa Alimentario del Adulto Mayor (PAAM) que podr\u00e1n acudir por su paquete alimentario esta semana del 22 al 26 de septiembre, en los centros comunitarios: 22 de septiembre: * Rancher\u00eda Ju\u00e1rez, 12:00 horas 24 de septiembre: * [&hellip;]<\/p>\n","protected":false},"author":1,"featured_media":84144,"comment_status":"closed","ping_status":"open","sticky":false,"template":"","format":"standard","meta":{"rop_custom_images_group":[],"rop_custom_messages_group":[],"rop_publish_now":"initial","rop_publish_now_accounts":[],"rop_publish_now_history":[],"rop_publish_now_status":"pending","footnotes":""},"categories":[67,72],"tags":[23],"class_list":["post-84143","post","type-post","status-publish","format-standard","has-post-thumbnail","hentry","category-ciudad","category-estado","tag-destacado"],"_links":{"self":[{"href":"https:\/\/notiissa.mx\/index.php?rest_route=\/wp\/v2\/posts\/84143","targetHints":{"allow":["GET"]}}],"collection":[{"href":"https:\/\/notiissa.mx\/index.php?rest_route=\/wp\/v2\/posts"}],"about":[{"href":"https:\/\/notiissa.mx\/index.php?rest_route=\/wp\/v2\/types\/post"}],"author":[{"embeddable":true,"href":"https:\/\/notiissa.mx\/index.php?rest_route=\/wp\/v2\/users\/1"}],"replies":[{"embeddable":true,"href":"https:\/\/notiissa.mx\/index.php?rest_route=%2Fwp%2Fv2%2Fcomments&post=84143"}],"version-history":[{"count":1,"href":"https:\/\/notiissa.mx\/index.php?rest_route=\/wp\/v2\/posts\/84143\/revisions"}],"predecessor-version":[{"id":84145,"href":"https:\/\/notiissa.mx\/index.php?rest_route=\/wp\/v2\/posts\/84143\/revisions\/84145"}],"wp:featuredmedia":[{"embeddable":true,"href":"https:\/\/notiissa.mx\/index.php?rest_route=\/wp\/v2\/media\/84144"}],"wp:attachment":[{"href":"https:\/\/notiissa.mx\/index.php?rest_route=%2Fwp%2Fv2%2Fmedia&parent=84143"}],"wp:term":[{"taxonomy":"category","embeddable":true,"href":"https:\/\/notiissa.mx\/index.php?rest_route=%2Fwp%2Fv2%2Fcategories&post=84143"},{"taxonomy":"post_tag","embeddable":true,"href":"https:\/\/notiissa.mx\/index.php?rest_route=%2Fwp%2Fv2%2Ftags&post=84143"}],"curies":[{"name":"wp","href":"https:\/\/api.w.org\/{rel}","templated":true}]}}