{"id":84140,"date":"2025-09-21T11:46:53","date_gmt":"2025-09-21T17:46:53","guid":{"rendered":"https:\/\/notiissa.mx\/?p=84140"},"modified":"2025-09-21T11:46:53","modified_gmt":"2025-09-21T17:46:53","slug":"el-reino-unido-reconoce-oficialmente-a-palestina-como-estado","status":"publish","type":"post","link":"https:\/\/notiissa.mx\/?p=84140","title":{"rendered":"El Reino Unido reconoce oficialmente a Palestina como Estado"},"content":{"rendered":"<p>El primer ministro, Keir Starmer, ha realizado este domingo el hist\u00f3rico anuncio.<\/p>\n<p>El Reino Unido ha reconocido oficialmente el Estado de Palestina. El primer ministro, Keir Starmer, realiz\u00f3 este domingo el hist\u00f3rico anuncio, que materializa la postura que hab\u00eda adelantado su gobierno semanas atr\u00e1s. Canad\u00e1 y Australia adoptaron la misma medida este mismo d\u00eda.<\/p>\n<p>\u00abHoy, para reavivar la esperanza de paz para los palestinos y los israel\u00edes, y una soluci\u00f3n de dos Estados, el Reino Unido reconoce formalmente al Estado de Palestina\u00bb, escribi\u00f3 en X, adjuntando su mensaje en video.<\/p>\n<p>\u00abHace m\u00e1s de 75 a\u00f1os reconocimos al Estado de Israel como patria del pueblo jud\u00edo. Hoy nos sumamos a los m\u00e1s de 150 pa\u00edses que tambi\u00e9n reconocen al Estado palestino. <strong>Es una promesa al pueblo palestino y al pueblo israel\u00ed de que puede haber un futuro mejor<\/strong>\u00ab, afirm\u00f3 Starmer en su discurso.<\/p>\n<p>Al anunciar la decisi\u00f3n del Reino Unido, el primer ministro declar\u00f3 que la crisis provocada por \u00abel hombre\u00bb en Gaza ha alcanzado nuevas dimensiones. \u00abLa muerte y la destrucci\u00f3n nos horrorizan a todos\u00bb, afirm\u00f3, y a\u00f1adi\u00f3 que <strong>\u00abla ayuda que est\u00e1 llegando es totalmente insuficiente\u00bb<\/strong>. Inst\u00f3 al Gobierno israel\u00ed a levantar las restricciones fronterizas, exhort\u00e1ndole a \u00abponer fin a estas t\u00e1cticas crueles y permitir la entrada de la ayuda\u00bb.\u00a0Adem\u00e1s, reiter\u00f3 el llamamiento a Ham\u00e1s para que libere a los rehenes retenidos en Gaza.<\/p>\n<h3><strong>Londres cumple su advertencia<\/strong><\/h3>\n<p>Esta medida constituye la materializaci\u00f3n de la postura que Starmer hab\u00eda adelantado el pasado 29 de julio ante la Asamblea General de la ONU. En dicha ocasi\u00f3n, el l\u00edder brit\u00e1nico advirti\u00f3 que el Reino Unido reconocer\u00eda a Palestina \u00abcomo parte de un proceso de paz\u00bb si el gobierno de Benjam\u00edn Netanyahu no decretaba un alto el fuego en la Franja de Gaza.<\/p>\n<p>Previamente, Starmer hab\u00eda revelado haber discutido el asunto en privado con el presidente de EE.UU., <strong>Donald Trump<\/strong>, quien <strong>manifest\u00f3 su desacuerdo<\/strong> con la posici\u00f3n brit\u00e1nica sobre el reconocimiento del Estado palestino.<\/p>\n<p>Con esta decisi\u00f3n, el Gobierno brit\u00e1nico se alinea con otros l\u00edderes europeos. El presidente franc\u00e9s, Emmanuel Macron, realiz\u00f3 anteriormente una declaraci\u00f3n similar, prometiendo reconocer a Palestina como Estado en el marco de su \u00abcompromiso hist\u00f3rico con una paz justa y duradera en Oriente Medio\u00bb. Varios otros pa\u00edses\u00a0tambi\u00e9n han expresado su disposici\u00f3n a reconocer a la naci\u00f3n ante la ONU.<\/p>\n<p>Los <strong>constantes bombardeos<\/strong> israel\u00edes contra la Franja de Gaza, que han costado ya la vida de miles de civiles \u2013muchos de ellos, mujeres y ni\u00f1os\u2013, as\u00ed como la negativa<strong>\u00a0de Tel Aviv a posibilitar la ayuda humanitaria esencial<\/strong>, incluidos el acceso al agua potable, a los alimentos y a los servicios sanitarios, han derivado en una andanada de cr\u00edticas, repudios y se\u00f1alamientos desde entidades internacionales como la ONU.<\/p>\n<ul>\n<li>El contexto internacional se tensa a\u00fan m\u00e1s, mientras la Comisi\u00f3n Europea (CE) estudia\u00a0imponer aranceles a las importaciones israel\u00edes en respuesta al genocidio en Gaza y a las denuncias de violaciones de derechos humanos en Cisjordania<\/li>\n<li>Ante esta posibilidad, el ministro de Exteriores israel\u00ed, Gideon Saar, amenaz\u00f3 con una respuesta a Bruselas si se aprobaban las medidas anunciadas por la CE contra su pa\u00eds. \u00abLas medidas contra Israel ser\u00e1n respondidas en consecuencia, y esperamos no tener que recurrir a ellas\u00bb, escribi\u00f3 en X.<\/li>\n<\/ul>\n<p><strong>RT.<\/strong><\/p>\n","protected":false},"excerpt":{"rendered":"<p>El primer ministro, Keir Starmer, ha realizado este domingo el hist\u00f3rico anuncio. El Reino Unido ha reconocido oficialmente el Estado de Palestina. El primer ministro, Keir Starmer, realiz\u00f3 este domingo el hist\u00f3rico anuncio, que materializa la postura que hab\u00eda adelantado su gobierno semanas atr\u00e1s. Canad\u00e1 y Australia adoptaron la misma medida este mismo d\u00eda. \u00abHoy, [&hellip;]<\/p>\n","protected":false},"author":1,"featured_media":84141,"comment_status":"closed","ping_status":"open","sticky":false,"template":"","format":"standard","meta":{"rop_custom_images_group":[],"rop_custom_messages_group":[],"rop_publish_now":"initial","rop_publish_now_accounts":[],"rop_publish_now_history":[],"rop_publish_now_status":"pending","footnotes":""},"categories":[67,72,77],"tags":[23],"class_list":["post-84140","post","type-post","status-publish","format-standard","has-post-thumbnail","hentry","category-ciudad","category-estado","category-ni-lectoris","tag-destacado"],"_links":{"self":[{"href":"https:\/\/notiissa.mx\/index.php?rest_route=\/wp\/v2\/posts\/84140","targetHints":{"allow":["GET"]}}],"collection":[{"href":"https:\/\/notiissa.mx\/index.php?rest_route=\/wp\/v2\/posts"}],"about":[{"href":"https:\/\/notiissa.mx\/index.php?rest_route=\/wp\/v2\/types\/post"}],"author":[{"embeddable":true,"href":"https:\/\/notiissa.mx\/index.php?rest_route=\/wp\/v2\/users\/1"}],"replies":[{"embeddable":true,"href":"https:\/\/notiissa.mx\/index.php?rest_route=%2Fwp%2Fv2%2Fcomments&post=84140"}],"version-history":[{"count":1,"href":"https:\/\/notiissa.mx\/index.php?rest_route=\/wp\/v2\/posts\/84140\/revisions"}],"predecessor-version":[{"id":84142,"href":"https:\/\/notiissa.mx\/index.php?rest_route=\/wp\/v2\/posts\/84140\/revisions\/84142"}],"wp:featuredmedia":[{"embeddable":true,"href":"https:\/\/notiissa.mx\/index.php?rest_route=\/wp\/v2\/media\/84141"}],"wp:attachment":[{"href":"https:\/\/notiissa.mx\/index.php?rest_route=%2Fwp%2Fv2%2Fmedia&parent=84140"}],"wp:term":[{"taxonomy":"category","embeddable":true,"href":"https:\/\/notiissa.mx\/index.php?rest_route=%2Fwp%2Fv2%2Fcategories&post=84140"},{"taxonomy":"post_tag","embeddable":true,"href":"https:\/\/notiissa.mx\/index.php?rest_route=%2Fwp%2Fv2%2Ftags&post=84140"}],"curies":[{"name":"wp","href":"https:\/\/api.w.org\/{rel}","templated":true}]}}