{"id":84118,"date":"2025-09-20T14:10:23","date_gmt":"2025-09-20T20:10:23","guid":{"rendered":"https:\/\/notiissa.mx\/?p=84118"},"modified":"2025-09-20T14:10:23","modified_gmt":"2025-09-20T20:10:23","slug":"expertos-dan-a-conocer-las-senales-de-depresion-en-adolescentes","status":"publish","type":"post","link":"https:\/\/notiissa.mx\/?p=84118","title":{"rendered":"Expertos dan a conocer las se\u00f1ales de depresi\u00f3n en adolescentes"},"content":{"rendered":"<p><strong>Ciudad de Chihuahua.-\u00a0<\/strong> El Instituto Municipal de Prevenci\u00f3n y Atenci\u00f3n a la Salud (IMPAS), da conocer las se\u00f1ales de depresi\u00f3n en j\u00f3venes, para que madres, padres, docentes y la comunidad en general puedan identificarla a tiempo.<\/p>\n<p>La depresi\u00f3n adolescente no es solo una \u201ctristeza de la edad\u201d, sino un problema de salud que puede afectar el rendimiento escolar, amistades, autoestima y la vida diaria.<\/p>\n<p>Algunas de las causas m\u00e1s frecuentes son los cambios hormonales, la presi\u00f3n acad\u00e9mica o social, el bullying, la violencia, los antecedentes familiares y el uso excesivo de redes sociales.<\/p>\n<p>El IMPAS se\u00f1al\u00f3 que hay se\u00f1ales de alerta que debemos tomar en cuenta: tristeza o enojo constante, dejar de disfrutar actividades, cambios en el sue\u00f1o o apetito, bajo rendimiento escolar, aislamiento y, en casos graves, pensamientos de muerte o suicidio.<\/p>\n<p>Si notas algo de esto, lo mejor es hablar con el adolescente sin juzgarlo, buscar apoyo con la familia, amigos o profesionales de la salud, y fomentar h\u00e1bitos saludables como dormir bien, comer balanceado y hacer ejercicio. Tambi\u00e9n es importante evitar la automedicaci\u00f3n.<\/p>\n<p>El Gobierno Municipal record\u00f3 el mensaje principal: \u201cLa depresi\u00f3n no es un capricho, es una condici\u00f3n que necesita apoyo y tratamiento. Detectar a tiempo salva vidas.\u201d<\/p>\n<p>Con estas acciones, el Gobierno Municipal busca crear conciencia y brindar herramientas que ayuden a cuidar la salud mental de las y los j\u00f3venes en Chihuahua.<\/p>\n","protected":false},"excerpt":{"rendered":"<p>Ciudad de Chihuahua.-\u00a0 El Instituto Municipal de Prevenci\u00f3n y Atenci\u00f3n a la Salud (IMPAS), da conocer las se\u00f1ales de depresi\u00f3n en j\u00f3venes, para que madres, padres, docentes y la comunidad en general puedan identificarla a tiempo. La depresi\u00f3n adolescente no es solo una \u201ctristeza de la edad\u201d, sino un problema de salud que puede afectar [&hellip;]<\/p>\n","protected":false},"author":1,"featured_media":84119,"comment_status":"closed","ping_status":"open","sticky":false,"template":"","format":"standard","meta":{"rop_custom_images_group":[],"rop_custom_messages_group":[],"rop_publish_now":"initial","rop_publish_now_accounts":[],"rop_publish_now_history":[],"rop_publish_now_status":"pending","footnotes":""},"categories":[67,72,71],"tags":[23],"class_list":["post-84118","post","type-post","status-publish","format-standard","has-post-thumbnail","hentry","category-ciudad","category-estado","category-salud","tag-destacado"],"_links":{"self":[{"href":"https:\/\/notiissa.mx\/index.php?rest_route=\/wp\/v2\/posts\/84118","targetHints":{"allow":["GET"]}}],"collection":[{"href":"https:\/\/notiissa.mx\/index.php?rest_route=\/wp\/v2\/posts"}],"about":[{"href":"https:\/\/notiissa.mx\/index.php?rest_route=\/wp\/v2\/types\/post"}],"author":[{"embeddable":true,"href":"https:\/\/notiissa.mx\/index.php?rest_route=\/wp\/v2\/users\/1"}],"replies":[{"embeddable":true,"href":"https:\/\/notiissa.mx\/index.php?rest_route=%2Fwp%2Fv2%2Fcomments&post=84118"}],"version-history":[{"count":1,"href":"https:\/\/notiissa.mx\/index.php?rest_route=\/wp\/v2\/posts\/84118\/revisions"}],"predecessor-version":[{"id":84120,"href":"https:\/\/notiissa.mx\/index.php?rest_route=\/wp\/v2\/posts\/84118\/revisions\/84120"}],"wp:featuredmedia":[{"embeddable":true,"href":"https:\/\/notiissa.mx\/index.php?rest_route=\/wp\/v2\/media\/84119"}],"wp:attachment":[{"href":"https:\/\/notiissa.mx\/index.php?rest_route=%2Fwp%2Fv2%2Fmedia&parent=84118"}],"wp:term":[{"taxonomy":"category","embeddable":true,"href":"https:\/\/notiissa.mx\/index.php?rest_route=%2Fwp%2Fv2%2Fcategories&post=84118"},{"taxonomy":"post_tag","embeddable":true,"href":"https:\/\/notiissa.mx\/index.php?rest_route=%2Fwp%2Fv2%2Ftags&post=84118"}],"curies":[{"name":"wp","href":"https:\/\/api.w.org\/{rel}","templated":true}]}}