{"id":84107,"date":"2025-09-19T16:23:27","date_gmt":"2025-09-19T22:23:27","guid":{"rendered":"https:\/\/notiissa.mx\/?p=84107"},"modified":"2025-09-19T16:23:27","modified_gmt":"2025-09-19T22:23:27","slug":"trump-revela-de-que-hablo-con-xi","status":"publish","type":"post","link":"https:\/\/notiissa.mx\/?p=84107","title":{"rendered":"Trump revela de qu\u00e9 habl\u00f3 con Xi"},"content":{"rendered":"<p>Los mandatarios abordaron varios temas importantes, como el comercio, la resoluci\u00f3n del conflicto ucraniano y el acuerdo sobre TikTok, seg\u00fan el presidente estadounidense.<\/p>\n<p>El presidente de EE.UU., Donald Trump, afirm\u00f3 que mantuvo este viernes <strong>una conversaci\u00f3n telef\u00f3nica \u00abmuy productiva\u00bb con su hom\u00f3logo chino, Xi Jinping<\/strong>, durante la cual se abordaron \u00abmuchos temas importantes\u00bb, como el comercio y la resoluci\u00f3n del conflicto ucraniano.<\/p>\n<p>\u00abAvanzamos en <strong>muchos temas importantes<\/strong>, como el comercio, el fentanilo, la necesidad de poner fin a la guerra entre Rusia y Ucrania y la aprobaci\u00f3n del acuerdo de TikTok\u00bb, public\u00f3 en su cuenta de Truth Social.<\/p>\n<p>El mandatario estadounidense indic\u00f3 que tambi\u00e9n acord\u00f3 reunirse con su par chino en la cumbre de la Cooperaci\u00f3n Econ\u00f3mica Asia-Pac\u00edfico (APEC), que se celebrar\u00e1 del 31 de octubre al 1 de noviembre en Corea del Sur. Adem\u00e1s, Trump se\u00f1al\u00f3 que <strong>tiene previsto viajar a principios de 2026 al gigante asi\u00e1tico<\/strong>, mientras que Xi \u00abvisitar\u00eda Estados Unidos en el momento oportuno\u00bb.<\/p>\n<p>\u00ab<strong>La conversaci\u00f3n fue muy positiva<\/strong>. Volveremos a hablar por tel\u00e9fono. Agradezco la aprobaci\u00f3n de TikTok y ambos esperamos reunirnos en la APEC\u00bb, concluy\u00f3.<\/p>\n<p>Por su parte, el l\u00edder chino expres\u00f3 la esperanza de que su pa\u00eds y EE.UU. puedan lograr <strong>prosperidad y \u00e9xitos compartidos, benefici\u00e1ndose mutuamente y al mundo<\/strong>.\u00a0En general, la llamada con el presidente estadounidense ha sido calificada desde Pek\u00edn como \u00abpragm\u00e1tica, positiva y constructiva\u00bb.<\/p>\n<ul>\n<li>Trump y Xi mantuvieron una conversaci\u00f3n telef\u00f3nica este 19 de septiembre. La llamada represent\u00f3 el \u00faltimo esfuerzo entre las potencias para concluir el acuerdo que permita mantener TikTok en Estados Unidos y abordar la guerra comercial entre ambos pa\u00edses.<\/li>\n<li><strong>RT.<\/strong><\/li>\n<\/ul>\n","protected":false},"excerpt":{"rendered":"<p>Los mandatarios abordaron varios temas importantes, como el comercio, la resoluci\u00f3n del conflicto ucraniano y el acuerdo sobre TikTok, seg\u00fan el presidente estadounidense. El presidente de EE.UU., Donald Trump, afirm\u00f3 que mantuvo este viernes una conversaci\u00f3n telef\u00f3nica \u00abmuy productiva\u00bb con su hom\u00f3logo chino, Xi Jinping, durante la cual se abordaron \u00abmuchos temas importantes\u00bb, como el [&hellip;]<\/p>\n","protected":false},"author":1,"featured_media":84108,"comment_status":"closed","ping_status":"open","sticky":false,"template":"","format":"standard","meta":{"rop_custom_images_group":[],"rop_custom_messages_group":[],"rop_publish_now":"initial","rop_publish_now_accounts":[],"rop_publish_now_history":[],"rop_publish_now_status":"pending","footnotes":""},"categories":[67,72,60],"tags":[],"class_list":["post-84107","post","type-post","status-publish","format-standard","has-post-thumbnail","hentry","category-ciudad","category-estado","category-sonnoticia"],"_links":{"self":[{"href":"https:\/\/notiissa.mx\/index.php?rest_route=\/wp\/v2\/posts\/84107","targetHints":{"allow":["GET"]}}],"collection":[{"href":"https:\/\/notiissa.mx\/index.php?rest_route=\/wp\/v2\/posts"}],"about":[{"href":"https:\/\/notiissa.mx\/index.php?rest_route=\/wp\/v2\/types\/post"}],"author":[{"embeddable":true,"href":"https:\/\/notiissa.mx\/index.php?rest_route=\/wp\/v2\/users\/1"}],"replies":[{"embeddable":true,"href":"https:\/\/notiissa.mx\/index.php?rest_route=%2Fwp%2Fv2%2Fcomments&post=84107"}],"version-history":[{"count":1,"href":"https:\/\/notiissa.mx\/index.php?rest_route=\/wp\/v2\/posts\/84107\/revisions"}],"predecessor-version":[{"id":84109,"href":"https:\/\/notiissa.mx\/index.php?rest_route=\/wp\/v2\/posts\/84107\/revisions\/84109"}],"wp:featuredmedia":[{"embeddable":true,"href":"https:\/\/notiissa.mx\/index.php?rest_route=\/wp\/v2\/media\/84108"}],"wp:attachment":[{"href":"https:\/\/notiissa.mx\/index.php?rest_route=%2Fwp%2Fv2%2Fmedia&parent=84107"}],"wp:term":[{"taxonomy":"category","embeddable":true,"href":"https:\/\/notiissa.mx\/index.php?rest_route=%2Fwp%2Fv2%2Fcategories&post=84107"},{"taxonomy":"post_tag","embeddable":true,"href":"https:\/\/notiissa.mx\/index.php?rest_route=%2Fwp%2Fv2%2Ftags&post=84107"}],"curies":[{"name":"wp","href":"https:\/\/api.w.org\/{rel}","templated":true}]}}