{"id":83937,"date":"2025-09-16T06:28:20","date_gmt":"2025-09-16T12:28:20","guid":{"rendered":"https:\/\/notiissa.mx\/?p=83937"},"modified":"2025-09-16T06:28:54","modified_gmt":"2025-09-16T12:28:54","slug":"viva-la-paz-de-los-chihuahuenses-maru-campos","status":"publish","type":"post","link":"https:\/\/notiissa.mx\/?p=83937","title":{"rendered":"\u201dViva la paz de los chihuahuenses\u201d: Maru Campos"},"content":{"rendered":"<p><strong>Chihuahua.-<\/strong> La gobernadora Mar\u00eda Eugenia Campos Galv\u00e1n, encabez\u00f3 la ceremonia del tradicional Grito de Independencia, donde celebr\u00f3 la unidad de los chihuahuenses, en la Plaza del \u00c1ngel.<\/p>\n<p>\u201c\u00a1Que viva la dignidad de todos y cada uno de los chihuahuenses! \u00a1Que viva la paz! \u00a1Que viva la unidad de los chihuahuenses!\u201d, proclam\u00f3 la titular del Ejecutivo, en el marco de la conmemoraci\u00f3n por el 215 aniversario del inicio del Movimiento independentista en M\u00e9xico.<\/p>\n<p>Desde el Balc\u00f3n de la Patria, la mandataria estatal record\u00f3 adem\u00e1s uno a uno a las y los h\u00e9roes del pa\u00eds.<\/p>\n<p>Acto seguido y tras entregar la bandera nacional a la escolta del 23 Batall\u00f3n de Infanter\u00eda, de la V Zona Militar, sali\u00f3 de nuevo al Balc\u00f3n para presenciar junto a los ciudadanos, el espect\u00e1culo de luces multicolores que ilumin\u00f3 el cielo de la capital.<\/p>\n<p>Previamente la mandataria hizo una guardia de honor en el altar a la Patria, acompa\u00f1ada por los secretarios de Educaci\u00f3n y Deporte, Francisco Guti\u00e9rrez y general de Gobierno, Santiago De la Pe\u00f1a; la presidenta del Tribunal Superior de Justicia del Estado, Marcela Herrera y el presidente del Congreso del Estado, Guillermo Ram\u00edrez.<\/p>\n<p>Adem\u00e1s del comandante de la Regi\u00f3n A\u00e9rea Regional del Noreste, Alfonso Rodr\u00edguez; el comandante de la XI Regi\u00f3n Militar, Fernando Colchado; el coordinador de la Guardia Nacional en Chihuahua, Alejandro Rivas y el alcalde Marco Antonio Bonilla Mendoza.<\/p>\n<p>&nbsp;<\/p>\n","protected":false},"excerpt":{"rendered":"<p>Chihuahua.- La gobernadora Mar\u00eda Eugenia Campos Galv\u00e1n, encabez\u00f3 la ceremonia del tradicional Grito de Independencia, donde celebr\u00f3 la unidad de los chihuahuenses, en la Plaza del \u00c1ngel. \u201c\u00a1Que viva la dignidad de todos y cada uno de los chihuahuenses! \u00a1Que viva la paz! \u00a1Que viva la unidad de los chihuahuenses!\u201d, proclam\u00f3 la titular del Ejecutivo, [&hellip;]<\/p>\n","protected":false},"author":1,"featured_media":83938,"comment_status":"closed","ping_status":"open","sticky":false,"template":"","format":"standard","meta":{"rop_custom_images_group":[],"rop_custom_messages_group":[],"rop_publish_now":"initial","rop_publish_now_accounts":[],"rop_publish_now_history":[],"rop_publish_now_status":"pending","footnotes":""},"categories":[67,62,72],"tags":[],"class_list":["post-83937","post","type-post","status-publish","format-standard","has-post-thumbnail","hentry","category-ciudad","category-cultura","category-estado"],"_links":{"self":[{"href":"https:\/\/notiissa.mx\/index.php?rest_route=\/wp\/v2\/posts\/83937","targetHints":{"allow":["GET"]}}],"collection":[{"href":"https:\/\/notiissa.mx\/index.php?rest_route=\/wp\/v2\/posts"}],"about":[{"href":"https:\/\/notiissa.mx\/index.php?rest_route=\/wp\/v2\/types\/post"}],"author":[{"embeddable":true,"href":"https:\/\/notiissa.mx\/index.php?rest_route=\/wp\/v2\/users\/1"}],"replies":[{"embeddable":true,"href":"https:\/\/notiissa.mx\/index.php?rest_route=%2Fwp%2Fv2%2Fcomments&post=83937"}],"version-history":[{"count":2,"href":"https:\/\/notiissa.mx\/index.php?rest_route=\/wp\/v2\/posts\/83937\/revisions"}],"predecessor-version":[{"id":83940,"href":"https:\/\/notiissa.mx\/index.php?rest_route=\/wp\/v2\/posts\/83937\/revisions\/83940"}],"wp:featuredmedia":[{"embeddable":true,"href":"https:\/\/notiissa.mx\/index.php?rest_route=\/wp\/v2\/media\/83938"}],"wp:attachment":[{"href":"https:\/\/notiissa.mx\/index.php?rest_route=%2Fwp%2Fv2%2Fmedia&parent=83937"}],"wp:term":[{"taxonomy":"category","embeddable":true,"href":"https:\/\/notiissa.mx\/index.php?rest_route=%2Fwp%2Fv2%2Fcategories&post=83937"},{"taxonomy":"post_tag","embeddable":true,"href":"https:\/\/notiissa.mx\/index.php?rest_route=%2Fwp%2Fv2%2Ftags&post=83937"}],"curies":[{"name":"wp","href":"https:\/\/api.w.org\/{rel}","templated":true}]}}